{"id":1009,"date":"2021-10-08T11:46:09","date_gmt":"2021-10-08T09:46:09","guid":{"rendered":"https:\/\/lassietteaujardin.fr\/?p=1009"},"modified":"2021-10-08T11:47:24","modified_gmt":"2021-10-08T09:47:24","slug":"menu-special-vendee-terre-de-qualite","status":"publish","type":"post","link":"https:\/\/lassietteaujardin.fr\/menu-special-vendee-terre-de-qualite\/","title":{"rendered":"Menu sp\u00e9cial Vend\u00e9e Terre de Qualit\u00e9"},"content":{"rendered":"<p>[et_pb_section fb_built=\u00a0\u00bb1&Prime; _builder_version=\u00a0\u00bb3.22&Prime;][et_pb_row _builder_version=\u00a0\u00bb4.0.11&Prime; background_size=\u00a0\u00bbinitial\u00a0\u00bb background_position=\u00a0\u00bbtop_left\u00a0\u00bb background_repeat=\u00a0\u00bbrepeat\u00a0\u00bb][et_pb_column type=\u00a0\u00bb4_4&Prime; _builder_version=\u00a0\u00bb3.25&Prime; custom_padding=\u00a0\u00bb|||\u00a0\u00bb custom_padding__hover=\u00a0\u00bb|||\u00a0\u00bb][et_pb_text admin_label=\u00a0\u00bbArticle\u00a0\u00bb _builder_version=\u00a0\u00bb4.9.7&Prime; hover_enabled=\u00a0\u00bb0&Prime; z_index_tablet=\u00a0\u00bb500&Prime; sticky_enabled=\u00a0\u00bb0&Prime;]<\/p>\n<h1>Un menu sp\u00e9cial Vend\u00e9e Terre de Qualit\u00e9 du 09 au 17 octobre !<\/h1>\n<p>Bien sur l\u00e0 partir de samedi vous pourrez continuer \u00e0 vous r\u00e9galer de notre menu \u00e0 34 euros avec le choix de 3 entr\u00e9es, 3 plats et,3 desserts mais durant une semaine nous allons vous proposer un menu Vend\u00e9e terre de qualit\u00e9. Cet \u00e9v\u00e9nement qui regroupe 29 chefs (ffes) de toute la Vend\u00e9e autour de produits du Terroir aura lieu du 9 au 17 octobre avec un panier impos\u00e9.<\/p>\n<p>Menu <strong>38 euros &#8211; entr\u00e9e, plat, dessert<br \/><\/strong><\/p>\n<h2>Entr\u00e9e<\/h2>\n<ul>\n<li>Hu\u00eetre Fujiyama, hu\u00eetre de Vend\u00e9e de chez Raymond Kadem en tartare, \u00e9chalotte et fruit de la passion, chantilly de wasabi, kakigori de bouillon dashi au vinaigre de sakura fum\u00e9.<\/li>\n<\/ul>\n<h2>Plat<\/h2>\n<ul>\n<li>Chou farci \u00e0 la caille Label Rouge ,filet de caille fum\u00e9 par nos soins, jus de carcasse, pur\u00e9e de panais de Vend\u00e9e, girolles saut\u00e9es<\/li>\n<\/ul>\n<h2>Dessert<\/h2>\n<ul>\n<li>Glace au fromage blanc bio de la Ferme du Terrier, caramel \u00e0 la bi\u00e8re Smeele de Lu\u00e7on, crumble de sarrazin<\/li>\n<\/ul>\n<p>Le tout accompagn\u00e9 d&rsquo;un verre de vin de Vend\u00e9e de chez Thierry Michon en biodynamie.<\/p>\n<p>[\/et_pb_text][\/et_pb_column][\/et_pb_row][\/et_pb_section]<\/p>\n","protected":false},"excerpt":{"rendered":"<p>Un menu sp\u00e9cial Vend\u00e9e Terre de Qualit\u00e9 du 09 au 17 octobre ! Bien sur l\u00e0 partir de samedi vous pourrez continuer \u00e0 vous r\u00e9galer de notre menu \u00e0 34 euros avec le choix de 3 entr\u00e9es, 3 plats et,3 desserts mais durant une semaine nous allons vous proposer un menu Vend\u00e9e terre de qualit\u00e9. [&hellip;]<\/p>\n","protected":false},"author":1,"featured_media":1011,"comment_status":"closed","ping_status":"closed","sticky":false,"template":"","format":"standard","meta":{"_et_pb_use_builder":"on","_et_pb_old_content":"<!-- wp:paragraph -->\r\n<p>Lorem ipsum dolor sit amet, consectetur adipisicing elit, sed do eiusmod tempor incididunt ut labore et dolore magna aliqua. Ut enim ad minim veniam, quis nostrud exercitation ullamco laboris nisi ut aliquip ex ea commodo consequat. Duis aute irure dolor in reprehenderit in voluptate velit esse cillum dolore eu fugiat nulla pariatur. Excepteur sint occaecat cupidatat non proident, sunt in culpa qui officia deserunt mollit anim id est laborum.<\/p>\r\n<!-- \/wp:paragraph -->","_et_gb_content_width":"","footnotes":""},"categories":[1],"tags":[],"class_list":["post-1009","post","type-post","status-publish","format-standard","has-post-thumbnail","hentry","category-non-classe"],"yoast_head":"<!-- This site is optimized with the Yoast SEO plugin v26.9 - https:\/\/yoast.com\/product\/yoast-seo-wordpress\/ -->\n<title>Menu sp\u00e9cial Vend\u00e9e Terre de Qualit\u00e9 - L&#039;assiette au jardin | Restaurant \u00e0 Noirmoutier<\/title>\n<meta name=\"robots\" content=\"index, follow, max-snippet:-1, max-image-preview:large, max-video-preview:-1\" \/>\n<link rel=\"canonical\" href=\"https:\/\/lassietteaujardin.fr\/menu-special-vendee-terre-de-qualite\/\" \/>\n<meta property=\"og:locale\" content=\"fr_FR\" \/>\n<meta property=\"og:type\" content=\"article\" \/>\n<meta property=\"og:title\" content=\"Menu sp\u00e9cial Vend\u00e9e Terre de Qualit\u00e9 - L&#039;assiette au jardin | Restaurant \u00e0 Noirmoutier\" \/>\n<meta property=\"og:description\" content=\"Un menu sp\u00e9cial Vend\u00e9e Terre de Qualit\u00e9 du 09 au 17 octobre ! Bien sur l\u00e0 partir de samedi vous pourrez continuer \u00e0 vous r\u00e9galer de notre menu \u00e0 34 euros avec le choix de 3 entr\u00e9es, 3 plats et,3 desserts mais durant une semaine nous allons vous proposer un menu Vend\u00e9e terre de qualit\u00e9. [&hellip;]\" \/>\n<meta property=\"og:url\" content=\"https:\/\/lassietteaujardin.fr\/menu-special-vendee-terre-de-qualite\/\" \/>\n<meta property=\"og:site_name\" content=\"L&#039;assiette au jardin | Restaurant \u00e0 Noirmoutier\" \/>\n<meta property=\"article:published_time\" content=\"2021-10-08T09:46:09+00:00\" \/>\n<meta property=\"article:modified_time\" content=\"2021-10-08T09:47:24+00:00\" \/>\n<meta property=\"og:image\" content=\"https:\/\/lassietteaujardin.fr\/wp-content\/uploads\/2021\/10\/image-de-couverture-facebook-1024x423.png\" \/>\n\t<meta property=\"og:image:width\" content=\"1024\" \/>\n\t<meta property=\"og:image:height\" content=\"423\" \/>\n\t<meta property=\"og:image:type\" content=\"image\/png\" \/>\n<meta name=\"author\" content=\"admin-lassietteaujardin\" \/>\n<meta name=\"twitter:card\" content=\"summary_large_image\" \/>\n<meta name=\"twitter:label1\" content=\"\u00c9crit par\" \/>\n\t<meta name=\"twitter:data1\" content=\"admin-lassietteaujardin\" \/>\n\t<meta name=\"twitter:label2\" content=\"Dur\u00e9e de lecture estim\u00e9e\" \/>\n\t<meta name=\"twitter:data2\" content=\"1 minute\" \/>\n<script type=\"application\/ld+json\" class=\"yoast-schema-graph\">{\"@context\":\"https:\/\/schema.org\",\"@graph\":[{\"@type\":\"Article\",\"@id\":\"https:\/\/lassietteaujardin.fr\/menu-special-vendee-terre-de-qualite\/#article\",\"isPartOf\":{\"@id\":\"https:\/\/lassietteaujardin.fr\/menu-special-vendee-terre-de-qualite\/\"},\"author\":{\"name\":\"admin-lassietteaujardin\",\"@id\":\"https:\/\/lassietteaujardin.fr\/#\/schema\/person\/46c9ad113fd7f7948e4c008c4d4c6e8a\"},\"headline\":\"Menu sp\u00e9cial Vend\u00e9e Terre de Qualit\u00e9\",\"datePublished\":\"2021-10-08T09:46:09+00:00\",\"dateModified\":\"2021-10-08T09:47:24+00:00\",\"mainEntityOfPage\":{\"@id\":\"https:\/\/lassietteaujardin.fr\/menu-special-vendee-terre-de-qualite\/\"},\"wordCount\":253,\"image\":{\"@id\":\"https:\/\/lassietteaujardin.fr\/menu-special-vendee-terre-de-qualite\/#primaryimage\"},\"thumbnailUrl\":\"https:\/\/lassietteaujardin.fr\/wp-content\/uploads\/2021\/10\/image-de-couverture-facebook.png\",\"inLanguage\":\"fr-FR\"},{\"@type\":\"WebPage\",\"@id\":\"https:\/\/lassietteaujardin.fr\/menu-special-vendee-terre-de-qualite\/\",\"url\":\"https:\/\/lassietteaujardin.fr\/menu-special-vendee-terre-de-qualite\/\",\"name\":\"Menu sp\u00e9cial Vend\u00e9e Terre de Qualit\u00e9 - L&#039;assiette au jardin | Restaurant \u00e0 Noirmoutier\",\"isPartOf\":{\"@id\":\"https:\/\/lassietteaujardin.fr\/#website\"},\"primaryImageOfPage\":{\"@id\":\"https:\/\/lassietteaujardin.fr\/menu-special-vendee-terre-de-qualite\/#primaryimage\"},\"image\":{\"@id\":\"https:\/\/lassietteaujardin.fr\/menu-special-vendee-terre-de-qualite\/#primaryimage\"},\"thumbnailUrl\":\"https:\/\/lassietteaujardin.fr\/wp-content\/uploads\/2021\/10\/image-de-couverture-facebook.png\",\"datePublished\":\"2021-10-08T09:46:09+00:00\",\"dateModified\":\"2021-10-08T09:47:24+00:00\",\"author\":{\"@id\":\"https:\/\/lassietteaujardin.fr\/#\/schema\/person\/46c9ad113fd7f7948e4c008c4d4c6e8a\"},\"breadcrumb\":{\"@id\":\"https:\/\/lassietteaujardin.fr\/menu-special-vendee-terre-de-qualite\/#breadcrumb\"},\"inLanguage\":\"fr-FR\",\"potentialAction\":[{\"@type\":\"ReadAction\",\"target\":[\"https:\/\/lassietteaujardin.fr\/menu-special-vendee-terre-de-qualite\/\"]}]},{\"@type\":\"ImageObject\",\"inLanguage\":\"fr-FR\",\"@id\":\"https:\/\/lassietteaujardin.fr\/menu-special-vendee-terre-de-qualite\/#primaryimage\",\"url\":\"https:\/\/lassietteaujardin.fr\/wp-content\/uploads\/2021\/10\/image-de-couverture-facebook.png\",\"contentUrl\":\"https:\/\/lassietteaujardin.fr\/wp-content\/uploads\/2021\/10\/image-de-couverture-facebook.png\",\"width\":1800,\"height\":744},{\"@type\":\"BreadcrumbList\",\"@id\":\"https:\/\/lassietteaujardin.fr\/menu-special-vendee-terre-de-qualite\/#breadcrumb\",\"itemListElement\":[{\"@type\":\"ListItem\",\"position\":1,\"name\":\"Accueil\",\"item\":\"https:\/\/lassietteaujardin.fr\/\"},{\"@type\":\"ListItem\",\"position\":2,\"name\":\"Menu sp\u00e9cial Vend\u00e9e Terre de Qualit\u00e9\"}]},{\"@type\":\"WebSite\",\"@id\":\"https:\/\/lassietteaujardin.fr\/#website\",\"url\":\"https:\/\/lassietteaujardin.fr\/\",\"name\":\"L&#039;assiette au jardin | Restaurant \u00e0 Noirmoutier\",\"description\":\"Restaurant sur l&#039;\u00eele de Noirmoutier\",\"potentialAction\":[{\"@type\":\"SearchAction\",\"target\":{\"@type\":\"EntryPoint\",\"urlTemplate\":\"https:\/\/lassietteaujardin.fr\/?s={search_term_string}\"},\"query-input\":{\"@type\":\"PropertyValueSpecification\",\"valueRequired\":true,\"valueName\":\"search_term_string\"}}],\"inLanguage\":\"fr-FR\"},{\"@type\":\"Person\",\"@id\":\"https:\/\/lassietteaujardin.fr\/#\/schema\/person\/46c9ad113fd7f7948e4c008c4d4c6e8a\",\"name\":\"admin-lassietteaujardin\",\"image\":{\"@type\":\"ImageObject\",\"inLanguage\":\"fr-FR\",\"@id\":\"https:\/\/lassietteaujardin.fr\/#\/schema\/person\/image\/\",\"url\":\"https:\/\/secure.gravatar.com\/avatar\/b7e7818f3bc4056d29730c8b49b56e37487cafa62e85d34ee719e66093981a2f?s=96&d=mm&r=g\",\"contentUrl\":\"https:\/\/secure.gravatar.com\/avatar\/b7e7818f3bc4056d29730c8b49b56e37487cafa62e85d34ee719e66093981a2f?s=96&d=mm&r=g\",\"caption\":\"admin-lassietteaujardin\"},\"url\":\"https:\/\/lassietteaujardin.fr\/author\/admin-lassietteaujardin\/\"}]}<\/script>\n<!-- \/ Yoast SEO plugin. -->","yoast_head_json":{"title":"Menu sp\u00e9cial Vend\u00e9e Terre de Qualit\u00e9 - L&#039;assiette au jardin | Restaurant \u00e0 Noirmoutier","robots":{"index":"index","follow":"follow","max-snippet":"max-snippet:-1","max-image-preview":"max-image-preview:large","max-video-preview":"max-video-preview:-1"},"canonical":"https:\/\/lassietteaujardin.fr\/menu-special-vendee-terre-de-qualite\/","og_locale":"fr_FR","og_type":"article","og_title":"Menu sp\u00e9cial Vend\u00e9e Terre de Qualit\u00e9 - L&#039;assiette au jardin | Restaurant \u00e0 Noirmoutier","og_description":"Un menu sp\u00e9cial Vend\u00e9e Terre de Qualit\u00e9 du 09 au 17 octobre ! Bien sur l\u00e0 partir de samedi vous pourrez continuer \u00e0 vous r\u00e9galer de notre menu \u00e0 34 euros avec le choix de 3 entr\u00e9es, 3 plats et,3 desserts mais durant une semaine nous allons vous proposer un menu Vend\u00e9e terre de qualit\u00e9. [&hellip;]","og_url":"https:\/\/lassietteaujardin.fr\/menu-special-vendee-terre-de-qualite\/","og_site_name":"L&#039;assiette au jardin | Restaurant \u00e0 Noirmoutier","article_published_time":"2021-10-08T09:46:09+00:00","article_modified_time":"2021-10-08T09:47:24+00:00","og_image":[{"width":1024,"height":423,"url":"https:\/\/lassietteaujardin.fr\/wp-content\/uploads\/2021\/10\/image-de-couverture-facebook-1024x423.png","type":"image\/png"}],"author":"admin-lassietteaujardin","twitter_card":"summary_large_image","twitter_misc":{"\u00c9crit par":"admin-lassietteaujardin","Dur\u00e9e de lecture estim\u00e9e":"1 minute"},"schema":{"@context":"https:\/\/schema.org","@graph":[{"@type":"Article","@id":"https:\/\/lassietteaujardin.fr\/menu-special-vendee-terre-de-qualite\/#article","isPartOf":{"@id":"https:\/\/lassietteaujardin.fr\/menu-special-vendee-terre-de-qualite\/"},"author":{"name":"admin-lassietteaujardin","@id":"https:\/\/lassietteaujardin.fr\/#\/schema\/person\/46c9ad113fd7f7948e4c008c4d4c6e8a"},"headline":"Menu sp\u00e9cial Vend\u00e9e Terre de Qualit\u00e9","datePublished":"2021-10-08T09:46:09+00:00","dateModified":"2021-10-08T09:47:24+00:00","mainEntityOfPage":{"@id":"https:\/\/lassietteaujardin.fr\/menu-special-vendee-terre-de-qualite\/"},"wordCount":253,"image":{"@id":"https:\/\/lassietteaujardin.fr\/menu-special-vendee-terre-de-qualite\/#primaryimage"},"thumbnailUrl":"https:\/\/lassietteaujardin.fr\/wp-content\/uploads\/2021\/10\/image-de-couverture-facebook.png","inLanguage":"fr-FR"},{"@type":"WebPage","@id":"https:\/\/lassietteaujardin.fr\/menu-special-vendee-terre-de-qualite\/","url":"https:\/\/lassietteaujardin.fr\/menu-special-vendee-terre-de-qualite\/","name":"Menu sp\u00e9cial Vend\u00e9e Terre de Qualit\u00e9 - L&#039;assiette au jardin | Restaurant \u00e0 Noirmoutier","isPartOf":{"@id":"https:\/\/lassietteaujardin.fr\/#website"},"primaryImageOfPage":{"@id":"https:\/\/lassietteaujardin.fr\/menu-special-vendee-terre-de-qualite\/#primaryimage"},"image":{"@id":"https:\/\/lassietteaujardin.fr\/menu-special-vendee-terre-de-qualite\/#primaryimage"},"thumbnailUrl":"https:\/\/lassietteaujardin.fr\/wp-content\/uploads\/2021\/10\/image-de-couverture-facebook.png","datePublished":"2021-10-08T09:46:09+00:00","dateModified":"2021-10-08T09:47:24+00:00","author":{"@id":"https:\/\/lassietteaujardin.fr\/#\/schema\/person\/46c9ad113fd7f7948e4c008c4d4c6e8a"},"breadcrumb":{"@id":"https:\/\/lassietteaujardin.fr\/menu-special-vendee-terre-de-qualite\/#breadcrumb"},"inLanguage":"fr-FR","potentialAction":[{"@type":"ReadAction","target":["https:\/\/lassietteaujardin.fr\/menu-special-vendee-terre-de-qualite\/"]}]},{"@type":"ImageObject","inLanguage":"fr-FR","@id":"https:\/\/lassietteaujardin.fr\/menu-special-vendee-terre-de-qualite\/#primaryimage","url":"https:\/\/lassietteaujardin.fr\/wp-content\/uploads\/2021\/10\/image-de-couverture-facebook.png","contentUrl":"https:\/\/lassietteaujardin.fr\/wp-content\/uploads\/2021\/10\/image-de-couverture-facebook.png","width":1800,"height":744},{"@type":"BreadcrumbList","@id":"https:\/\/lassietteaujardin.fr\/menu-special-vendee-terre-de-qualite\/#breadcrumb","itemListElement":[{"@type":"ListItem","position":1,"name":"Accueil","item":"https:\/\/lassietteaujardin.fr\/"},{"@type":"ListItem","position":2,"name":"Menu sp\u00e9cial Vend\u00e9e Terre de Qualit\u00e9"}]},{"@type":"WebSite","@id":"https:\/\/lassietteaujardin.fr\/#website","url":"https:\/\/lassietteaujardin.fr\/","name":"L&#039;assiette au jardin | Restaurant \u00e0 Noirmoutier","description":"Restaurant sur l&#039;\u00eele de Noirmoutier","potentialAction":[{"@type":"SearchAction","target":{"@type":"EntryPoint","urlTemplate":"https:\/\/lassietteaujardin.fr\/?s={search_term_string}"},"query-input":{"@type":"PropertyValueSpecification","valueRequired":true,"valueName":"search_term_string"}}],"inLanguage":"fr-FR"},{"@type":"Person","@id":"https:\/\/lassietteaujardin.fr\/#\/schema\/person\/46c9ad113fd7f7948e4c008c4d4c6e8a","name":"admin-lassietteaujardin","image":{"@type":"ImageObject","inLanguage":"fr-FR","@id":"https:\/\/lassietteaujardin.fr\/#\/schema\/person\/image\/","url":"https:\/\/secure.gravatar.com\/avatar\/b7e7818f3bc4056d29730c8b49b56e37487cafa62e85d34ee719e66093981a2f?s=96&d=mm&r=g","contentUrl":"https:\/\/secure.gravatar.com\/avatar\/b7e7818f3bc4056d29730c8b49b56e37487cafa62e85d34ee719e66093981a2f?s=96&d=mm&r=g","caption":"admin-lassietteaujardin"},"url":"https:\/\/lassietteaujardin.fr\/author\/admin-lassietteaujardin\/"}]}},"_links":{"self":[{"href":"https:\/\/lassietteaujardin.fr\/api\/wp\/v2\/posts\/1009","targetHints":{"allow":["GET"]}}],"collection":[{"href":"https:\/\/lassietteaujardin.fr\/api\/wp\/v2\/posts"}],"about":[{"href":"https:\/\/lassietteaujardin.fr\/api\/wp\/v2\/types\/post"}],"author":[{"embeddable":true,"href":"https:\/\/lassietteaujardin.fr\/api\/wp\/v2\/users\/1"}],"replies":[{"embeddable":true,"href":"https:\/\/lassietteaujardin.fr\/api\/wp\/v2\/comments?post=1009"}],"version-history":[{"count":4,"href":"https:\/\/lassietteaujardin.fr\/api\/wp\/v2\/posts\/1009\/revisions"}],"predecessor-version":[{"id":1016,"href":"https:\/\/lassietteaujardin.fr\/api\/wp\/v2\/posts\/1009\/revisions\/1016"}],"wp:featuredmedia":[{"embeddable":true,"href":"https:\/\/lassietteaujardin.fr\/api\/wp\/v2\/media\/1011"}],"wp:attachment":[{"href":"https:\/\/lassietteaujardin.fr\/api\/wp\/v2\/media?parent=1009"}],"wp:term":[{"taxonomy":"category","embeddable":true,"href":"https:\/\/lassietteaujardin.fr\/api\/wp\/v2\/categories?post=1009"},{"taxonomy":"post_tag","embeddable":true,"href":"https:\/\/lassietteaujardin.fr\/api\/wp\/v2\/tags?post=1009"}],"curies":[{"name":"wp","href":"https:\/\/api.w.org\/{rel}","templated":true}]}}