{"id":1342,"date":"2022-12-14T12:35:19","date_gmt":"2022-12-14T11:35:19","guid":{"rendered":"https:\/\/lassietteaujardin.fr\/?p=1342"},"modified":"2022-12-14T12:35:23","modified_gmt":"2022-12-14T11:35:23","slug":"reveillon-de-la-saint-sylvestre","status":"publish","type":"post","link":"https:\/\/lassietteaujardin.fr\/reveillon-de-la-saint-sylvestre\/","title":{"rendered":"R\u00e9veillon de la Saint Sylvestre"},"content":{"rendered":"<p>[et_pb_section fb_built=\u00a0\u00bb1&Prime; _builder_version=\u00a0\u00bb4.16&Prime; global_colors_info=\u00a0\u00bb{}\u00a0\u00bb][et_pb_row _builder_version=\u00a0\u00bb4.16&Prime; background_size=\u00a0\u00bbinitial\u00a0\u00bb background_position=\u00a0\u00bbtop_left\u00a0\u00bb background_repeat=\u00a0\u00bbrepeat\u00a0\u00bb hover_enabled=\u00a0\u00bb0&Prime; global_colors_info=\u00a0\u00bb{}\u00a0\u00bb sticky_enabled=\u00a0\u00bb0&Prime;][et_pb_column type=\u00a0\u00bb4_4&Prime; _builder_version=\u00a0\u00bb4.16&Prime; custom_padding=\u00a0\u00bb|||\u00a0\u00bb global_colors_info=\u00a0\u00bb{}\u00a0\u00bb custom_padding__hover=\u00a0\u00bb|||\u00a0\u00bb][et_pb_text admin_label=\u00a0\u00bbArticle\u00a0\u00bb _builder_version=\u00a0\u00bb4.18.1&Prime; _module_preset=\u00a0\u00bbdefault\u00a0\u00bb hover_enabled=\u00a0\u00bb0&Prime; z_index_tablet=\u00a0\u00bb500&Prime; global_colors_info=\u00a0\u00bb{}\u00a0\u00bb sticky_enabled=\u00a0\u00bb0&Prime;]<\/p>\n<h1><em>\u00ab\u00a0Les dix produits qu&rsquo;il faut avoir mang\u00e9 une fois dans sa vie\u00a0\u00bb<\/em><\/h1>\n<p>Menu <strong>110 euros par convive<\/strong><strong><br \/><\/strong><\/p>\n<h2><img loading=\"lazy\" decoding=\"async\" class=\"-564 alignnone \" src=\"https:\/\/lassietteaujardin.fr\/storage\/2020\/02\/logo-bib-gourmand.jpg\" alt=\"\" width=\"82\" height=\"46\" \/><\/h2>\n<h2>En dix services<\/h2>\n<p><strong>Du frais et du cru<\/strong><\/p>\n<ul>\n<li>\n<p class=\"p1\"><span class=\"s1\">Hu\u00eetre Fujiyama en habit de f\u00eate: tartare d\u2019hu\u00eetres naturelles de chez Raymond Kadem au fruits de la passion et \u00e9chalote, kakigori de bouillon Dashi au vinaigre de Sakura fum\u00e9, cr\u00e8me mont\u00e9e au wasabi.<\/span><\/p>\n<\/li>\n<li>\n<p class=\"p1\">Carpaccio de Saint Jacques de plong\u00e9e aux ar\u00f4mes de vanille, cacao, fruit de la passion et huile d&rsquo;olive.<\/p>\n<\/li>\n<\/ul>\n<p><strong>Folies marines<\/strong><\/p>\n<ul>\n<li>Caviar Ossietre d&rsquo;Aquitaine, grenaille \u00e0 la vapeur, cr\u00e8me crue de Pascal Beillevaire.<\/li>\n<li>\n<p class=\"p1\">Ormeau au jus de veau, pur\u00e9e d&rsquo;ail doux et huile de persil.<\/p>\n<\/li>\n<li>\n<p class=\"p1\">La langoustine royale r\u00f4tie au beurre d&rsquo;estragon.<\/p>\n<\/li>\n<\/ul>\n<p><strong>Volailles de Challans en habit de f\u00eate.<\/strong><\/p>\n<ul>\n<li>Foie gras de canard po\u00eal\u00e9 aux cerises \u00e0 l&rsquo;eau de vie, madeleine \u00e0 la canelle.<\/li>\n<li>\n<p class=\"p1\">Chapon cuit \u00e0 basse temp\u00e9rature sauce au vin jaune morilles et truffe, marrons flamb\u00e9s au Cognac.<\/p>\n<\/li>\n<\/ul>\n<p><strong>Fromage de f\u00eate.<\/strong><\/p>\n<ul>\n<li>Brillat Savarin affin\u00e9 et truff\u00e9.<\/li>\n<\/ul>\n<p><strong>Ode au chocolat.<\/strong><\/p>\n<ul>\n<li>Curiosit\u00e9 et astuce blanche pour 2023.<\/li>\n<li>\n<p class=\"p1\">Exp\u00e9rience extr\u00eame.<\/p>\n<\/li>\n<\/ul>\n<p>[\/et_pb_text][et_pb_divider _builder_version=\u00a0\u00bb4.18.0&Prime; _module_preset=\u00a0\u00bbdefault\u00a0\u00bb global_colors_info=\u00a0\u00bb{}\u00a0\u00bb][\/et_pb_divider][\/et_pb_column][\/et_pb_row][\/et_pb_section]<\/p>\n","protected":false},"excerpt":{"rendered":"<p>\u00ab\u00a0Les dix produits qu&rsquo;il faut avoir mang\u00e9 une fois dans sa vie\u00a0\u00bb Menu 110 euros par convive En dix services Du frais et du cru Hu\u00eetre Fujiyama en habit de f\u00eate: tartare d\u2019hu\u00eetres naturelles de chez Raymond Kadem au fruits de la passion et \u00e9chalote, kakigori de bouillon Dashi au vinaigre de Sakura fum\u00e9, cr\u00e8me [&hellip;]<\/p>\n","protected":false},"author":2,"featured_media":252,"comment_status":"closed","ping_status":"closed","sticky":false,"template":"","format":"standard","meta":{"_et_pb_use_builder":"on","_et_pb_old_content":"<!-- wp:paragraph -->\r\n<p>Lorem ipsum dolor sit amet, consectetur adipisicing elit, sed do eiusmod tempor incididunt ut labore et dolore magna aliqua. Ut enim ad minim veniam, quis nostrud exercitation ullamco laboris nisi ut aliquip ex ea commodo consequat. Duis aute irure dolor in reprehenderit in voluptate velit esse cillum dolore eu fugiat nulla pariatur. Excepteur sint occaecat cupidatat non proident, sunt in culpa qui officia deserunt mollit anim id est laborum.<\/p>\r\n<!-- \/wp:paragraph -->","_et_gb_content_width":"","footnotes":""},"categories":[1],"tags":[],"class_list":["post-1342","post","type-post","status-publish","format-standard","has-post-thumbnail","hentry","category-non-classe"],"yoast_head":"<!-- This site is optimized with the Yoast SEO plugin v26.9 - https:\/\/yoast.com\/product\/yoast-seo-wordpress\/ -->\n<title>R\u00e9veillon de la Saint Sylvestre - L&#039;assiette au jardin | Restaurant \u00e0 Noirmoutier<\/title>\n<meta name=\"robots\" content=\"index, follow, max-snippet:-1, max-image-preview:large, max-video-preview:-1\" \/>\n<link rel=\"canonical\" href=\"https:\/\/lassietteaujardin.fr\/reveillon-de-la-saint-sylvestre\/\" \/>\n<meta property=\"og:locale\" content=\"fr_FR\" \/>\n<meta property=\"og:type\" content=\"article\" \/>\n<meta property=\"og:title\" content=\"R\u00e9veillon de la Saint Sylvestre - L&#039;assiette au jardin | Restaurant \u00e0 Noirmoutier\" \/>\n<meta property=\"og:description\" content=\"&quot;Les dix produits qu&#039;il faut avoir mang\u00e9 une fois dans sa vie&quot; Menu 110 euros par convive En dix services Du frais et du cru Hu\u00eetre Fujiyama en habit de f\u00eate: tartare d\u2019hu\u00eetres naturelles de chez Raymond Kadem au fruits de la passion et \u00e9chalote, kakigori de bouillon Dashi au vinaigre de Sakura fum\u00e9, cr\u00e8me [&hellip;]\" \/>\n<meta property=\"og:url\" content=\"https:\/\/lassietteaujardin.fr\/reveillon-de-la-saint-sylvestre\/\" \/>\n<meta property=\"og:site_name\" content=\"L&#039;assiette au jardin | Restaurant \u00e0 Noirmoutier\" \/>\n<meta property=\"article:published_time\" content=\"2022-12-14T11:35:19+00:00\" \/>\n<meta property=\"article:modified_time\" content=\"2022-12-14T11:35:23+00:00\" \/>\n<meta property=\"og:image\" content=\"https:\/\/lassietteaujardin.fr\/wp-content\/uploads\/2019\/04\/cover-restaurant-assiette-au-jardin.jpg\" \/>\n\t<meta property=\"og:image:width\" content=\"1440\" \/>\n\t<meta property=\"og:image:height\" content=\"469\" \/>\n\t<meta property=\"og:image:type\" content=\"image\/jpeg\" \/>\n<meta name=\"author\" content=\"Dominique Soret\" \/>\n<meta name=\"twitter:card\" content=\"summary_large_image\" \/>\n<meta name=\"twitter:label1\" content=\"\u00c9crit par\" \/>\n\t<meta name=\"twitter:data1\" content=\"Dominique Soret\" \/>\n\t<meta name=\"twitter:label2\" content=\"Dur\u00e9e de lecture estim\u00e9e\" \/>\n\t<meta name=\"twitter:data2\" content=\"2 minutes\" \/>\n<script type=\"application\/ld+json\" class=\"yoast-schema-graph\">{\"@context\":\"https:\/\/schema.org\",\"@graph\":[{\"@type\":\"Article\",\"@id\":\"https:\/\/lassietteaujardin.fr\/reveillon-de-la-saint-sylvestre\/#article\",\"isPartOf\":{\"@id\":\"https:\/\/lassietteaujardin.fr\/reveillon-de-la-saint-sylvestre\/\"},\"author\":{\"name\":\"Dominique Soret\",\"@id\":\"https:\/\/lassietteaujardin.fr\/#\/schema\/person\/3bd0da5db54039c71fd324a7b881d533\"},\"headline\":\"R\u00e9veillon de la Saint Sylvestre\",\"datePublished\":\"2022-12-14T11:35:19+00:00\",\"dateModified\":\"2022-12-14T11:35:23+00:00\",\"mainEntityOfPage\":{\"@id\":\"https:\/\/lassietteaujardin.fr\/reveillon-de-la-saint-sylvestre\/\"},\"wordCount\":283,\"image\":{\"@id\":\"https:\/\/lassietteaujardin.fr\/reveillon-de-la-saint-sylvestre\/#primaryimage\"},\"thumbnailUrl\":\"https:\/\/lassietteaujardin.fr\/wp-content\/uploads\/2019\/04\/cover-restaurant-assiette-au-jardin.jpg\",\"inLanguage\":\"fr-FR\"},{\"@type\":\"WebPage\",\"@id\":\"https:\/\/lassietteaujardin.fr\/reveillon-de-la-saint-sylvestre\/\",\"url\":\"https:\/\/lassietteaujardin.fr\/reveillon-de-la-saint-sylvestre\/\",\"name\":\"R\u00e9veillon de la Saint Sylvestre - L&#039;assiette au jardin | Restaurant \u00e0 Noirmoutier\",\"isPartOf\":{\"@id\":\"https:\/\/lassietteaujardin.fr\/#website\"},\"primaryImageOfPage\":{\"@id\":\"https:\/\/lassietteaujardin.fr\/reveillon-de-la-saint-sylvestre\/#primaryimage\"},\"image\":{\"@id\":\"https:\/\/lassietteaujardin.fr\/reveillon-de-la-saint-sylvestre\/#primaryimage\"},\"thumbnailUrl\":\"https:\/\/lassietteaujardin.fr\/wp-content\/uploads\/2019\/04\/cover-restaurant-assiette-au-jardin.jpg\",\"datePublished\":\"2022-12-14T11:35:19+00:00\",\"dateModified\":\"2022-12-14T11:35:23+00:00\",\"author\":{\"@id\":\"https:\/\/lassietteaujardin.fr\/#\/schema\/person\/3bd0da5db54039c71fd324a7b881d533\"},\"breadcrumb\":{\"@id\":\"https:\/\/lassietteaujardin.fr\/reveillon-de-la-saint-sylvestre\/#breadcrumb\"},\"inLanguage\":\"fr-FR\",\"potentialAction\":[{\"@type\":\"ReadAction\",\"target\":[\"https:\/\/lassietteaujardin.fr\/reveillon-de-la-saint-sylvestre\/\"]}]},{\"@type\":\"ImageObject\",\"inLanguage\":\"fr-FR\",\"@id\":\"https:\/\/lassietteaujardin.fr\/reveillon-de-la-saint-sylvestre\/#primaryimage\",\"url\":\"https:\/\/lassietteaujardin.fr\/wp-content\/uploads\/2019\/04\/cover-restaurant-assiette-au-jardin.jpg\",\"contentUrl\":\"https:\/\/lassietteaujardin.fr\/wp-content\/uploads\/2019\/04\/cover-restaurant-assiette-au-jardin.jpg\",\"width\":1440,\"height\":469},{\"@type\":\"BreadcrumbList\",\"@id\":\"https:\/\/lassietteaujardin.fr\/reveillon-de-la-saint-sylvestre\/#breadcrumb\",\"itemListElement\":[{\"@type\":\"ListItem\",\"position\":1,\"name\":\"Accueil\",\"item\":\"https:\/\/lassietteaujardin.fr\/\"},{\"@type\":\"ListItem\",\"position\":2,\"name\":\"R\u00e9veillon de la Saint Sylvestre\"}]},{\"@type\":\"WebSite\",\"@id\":\"https:\/\/lassietteaujardin.fr\/#website\",\"url\":\"https:\/\/lassietteaujardin.fr\/\",\"name\":\"L&#039;assiette au jardin | Restaurant \u00e0 Noirmoutier\",\"description\":\"Restaurant sur l&#039;\u00eele de Noirmoutier\",\"potentialAction\":[{\"@type\":\"SearchAction\",\"target\":{\"@type\":\"EntryPoint\",\"urlTemplate\":\"https:\/\/lassietteaujardin.fr\/?s={search_term_string}\"},\"query-input\":{\"@type\":\"PropertyValueSpecification\",\"valueRequired\":true,\"valueName\":\"search_term_string\"}}],\"inLanguage\":\"fr-FR\"},{\"@type\":\"Person\",\"@id\":\"https:\/\/lassietteaujardin.fr\/#\/schema\/person\/3bd0da5db54039c71fd324a7b881d533\",\"name\":\"Dominique Soret\",\"image\":{\"@type\":\"ImageObject\",\"inLanguage\":\"fr-FR\",\"@id\":\"https:\/\/lassietteaujardin.fr\/#\/schema\/person\/image\/\",\"url\":\"https:\/\/secure.gravatar.com\/avatar\/5321391d931651b3f9d834aef3be79451a22cdaa9aa30b9456c4de73818c6716?s=96&d=mm&r=g\",\"contentUrl\":\"https:\/\/secure.gravatar.com\/avatar\/5321391d931651b3f9d834aef3be79451a22cdaa9aa30b9456c4de73818c6716?s=96&d=mm&r=g\",\"caption\":\"Dominique Soret\"},\"url\":\"https:\/\/lassietteaujardin.fr\/author\/dominique\/\"}]}<\/script>\n<!-- \/ Yoast SEO plugin. -->","yoast_head_json":{"title":"R\u00e9veillon de la Saint Sylvestre - L&#039;assiette au jardin | Restaurant \u00e0 Noirmoutier","robots":{"index":"index","follow":"follow","max-snippet":"max-snippet:-1","max-image-preview":"max-image-preview:large","max-video-preview":"max-video-preview:-1"},"canonical":"https:\/\/lassietteaujardin.fr\/reveillon-de-la-saint-sylvestre\/","og_locale":"fr_FR","og_type":"article","og_title":"R\u00e9veillon de la Saint Sylvestre - L&#039;assiette au jardin | Restaurant \u00e0 Noirmoutier","og_description":"\"Les dix produits qu'il faut avoir mang\u00e9 une fois dans sa vie\" Menu 110 euros par convive En dix services Du frais et du cru Hu\u00eetre Fujiyama en habit de f\u00eate: tartare d\u2019hu\u00eetres naturelles de chez Raymond Kadem au fruits de la passion et \u00e9chalote, kakigori de bouillon Dashi au vinaigre de Sakura fum\u00e9, cr\u00e8me [&hellip;]","og_url":"https:\/\/lassietteaujardin.fr\/reveillon-de-la-saint-sylvestre\/","og_site_name":"L&#039;assiette au jardin | Restaurant \u00e0 Noirmoutier","article_published_time":"2022-12-14T11:35:19+00:00","article_modified_time":"2022-12-14T11:35:23+00:00","og_image":[{"width":1440,"height":469,"url":"https:\/\/lassietteaujardin.fr\/wp-content\/uploads\/2019\/04\/cover-restaurant-assiette-au-jardin.jpg","type":"image\/jpeg"}],"author":"Dominique Soret","twitter_card":"summary_large_image","twitter_misc":{"\u00c9crit par":"Dominique Soret","Dur\u00e9e de lecture estim\u00e9e":"2 minutes"},"schema":{"@context":"https:\/\/schema.org","@graph":[{"@type":"Article","@id":"https:\/\/lassietteaujardin.fr\/reveillon-de-la-saint-sylvestre\/#article","isPartOf":{"@id":"https:\/\/lassietteaujardin.fr\/reveillon-de-la-saint-sylvestre\/"},"author":{"name":"Dominique Soret","@id":"https:\/\/lassietteaujardin.fr\/#\/schema\/person\/3bd0da5db54039c71fd324a7b881d533"},"headline":"R\u00e9veillon de la Saint Sylvestre","datePublished":"2022-12-14T11:35:19+00:00","dateModified":"2022-12-14T11:35:23+00:00","mainEntityOfPage":{"@id":"https:\/\/lassietteaujardin.fr\/reveillon-de-la-saint-sylvestre\/"},"wordCount":283,"image":{"@id":"https:\/\/lassietteaujardin.fr\/reveillon-de-la-saint-sylvestre\/#primaryimage"},"thumbnailUrl":"https:\/\/lassietteaujardin.fr\/wp-content\/uploads\/2019\/04\/cover-restaurant-assiette-au-jardin.jpg","inLanguage":"fr-FR"},{"@type":"WebPage","@id":"https:\/\/lassietteaujardin.fr\/reveillon-de-la-saint-sylvestre\/","url":"https:\/\/lassietteaujardin.fr\/reveillon-de-la-saint-sylvestre\/","name":"R\u00e9veillon de la Saint Sylvestre - L&#039;assiette au jardin | Restaurant \u00e0 Noirmoutier","isPartOf":{"@id":"https:\/\/lassietteaujardin.fr\/#website"},"primaryImageOfPage":{"@id":"https:\/\/lassietteaujardin.fr\/reveillon-de-la-saint-sylvestre\/#primaryimage"},"image":{"@id":"https:\/\/lassietteaujardin.fr\/reveillon-de-la-saint-sylvestre\/#primaryimage"},"thumbnailUrl":"https:\/\/lassietteaujardin.fr\/wp-content\/uploads\/2019\/04\/cover-restaurant-assiette-au-jardin.jpg","datePublished":"2022-12-14T11:35:19+00:00","dateModified":"2022-12-14T11:35:23+00:00","author":{"@id":"https:\/\/lassietteaujardin.fr\/#\/schema\/person\/3bd0da5db54039c71fd324a7b881d533"},"breadcrumb":{"@id":"https:\/\/lassietteaujardin.fr\/reveillon-de-la-saint-sylvestre\/#breadcrumb"},"inLanguage":"fr-FR","potentialAction":[{"@type":"ReadAction","target":["https:\/\/lassietteaujardin.fr\/reveillon-de-la-saint-sylvestre\/"]}]},{"@type":"ImageObject","inLanguage":"fr-FR","@id":"https:\/\/lassietteaujardin.fr\/reveillon-de-la-saint-sylvestre\/#primaryimage","url":"https:\/\/lassietteaujardin.fr\/wp-content\/uploads\/2019\/04\/cover-restaurant-assiette-au-jardin.jpg","contentUrl":"https:\/\/lassietteaujardin.fr\/wp-content\/uploads\/2019\/04\/cover-restaurant-assiette-au-jardin.jpg","width":1440,"height":469},{"@type":"BreadcrumbList","@id":"https:\/\/lassietteaujardin.fr\/reveillon-de-la-saint-sylvestre\/#breadcrumb","itemListElement":[{"@type":"ListItem","position":1,"name":"Accueil","item":"https:\/\/lassietteaujardin.fr\/"},{"@type":"ListItem","position":2,"name":"R\u00e9veillon de la Saint Sylvestre"}]},{"@type":"WebSite","@id":"https:\/\/lassietteaujardin.fr\/#website","url":"https:\/\/lassietteaujardin.fr\/","name":"L&#039;assiette au jardin | Restaurant \u00e0 Noirmoutier","description":"Restaurant sur l&#039;\u00eele de Noirmoutier","potentialAction":[{"@type":"SearchAction","target":{"@type":"EntryPoint","urlTemplate":"https:\/\/lassietteaujardin.fr\/?s={search_term_string}"},"query-input":{"@type":"PropertyValueSpecification","valueRequired":true,"valueName":"search_term_string"}}],"inLanguage":"fr-FR"},{"@type":"Person","@id":"https:\/\/lassietteaujardin.fr\/#\/schema\/person\/3bd0da5db54039c71fd324a7b881d533","name":"Dominique Soret","image":{"@type":"ImageObject","inLanguage":"fr-FR","@id":"https:\/\/lassietteaujardin.fr\/#\/schema\/person\/image\/","url":"https:\/\/secure.gravatar.com\/avatar\/5321391d931651b3f9d834aef3be79451a22cdaa9aa30b9456c4de73818c6716?s=96&d=mm&r=g","contentUrl":"https:\/\/secure.gravatar.com\/avatar\/5321391d931651b3f9d834aef3be79451a22cdaa9aa30b9456c4de73818c6716?s=96&d=mm&r=g","caption":"Dominique Soret"},"url":"https:\/\/lassietteaujardin.fr\/author\/dominique\/"}]}},"_links":{"self":[{"href":"https:\/\/lassietteaujardin.fr\/api\/wp\/v2\/posts\/1342","targetHints":{"allow":["GET"]}}],"collection":[{"href":"https:\/\/lassietteaujardin.fr\/api\/wp\/v2\/posts"}],"about":[{"href":"https:\/\/lassietteaujardin.fr\/api\/wp\/v2\/types\/post"}],"author":[{"embeddable":true,"href":"https:\/\/lassietteaujardin.fr\/api\/wp\/v2\/users\/2"}],"replies":[{"embeddable":true,"href":"https:\/\/lassietteaujardin.fr\/api\/wp\/v2\/comments?post=1342"}],"version-history":[{"count":5,"href":"https:\/\/lassietteaujardin.fr\/api\/wp\/v2\/posts\/1342\/revisions"}],"predecessor-version":[{"id":1348,"href":"https:\/\/lassietteaujardin.fr\/api\/wp\/v2\/posts\/1342\/revisions\/1348"}],"wp:featuredmedia":[{"embeddable":true,"href":"https:\/\/lassietteaujardin.fr\/api\/wp\/v2\/media\/252"}],"wp:attachment":[{"href":"https:\/\/lassietteaujardin.fr\/api\/wp\/v2\/media?parent=1342"}],"wp:term":[{"taxonomy":"category","embeddable":true,"href":"https:\/\/lassietteaujardin.fr\/api\/wp\/v2\/categories?post=1342"},{"taxonomy":"post_tag","embeddable":true,"href":"https:\/\/lassietteaujardin.fr\/api\/wp\/v2\/tags?post=1342"}],"curies":[{"name":"wp","href":"https:\/\/api.w.org\/{rel}","templated":true}]}}