{"id":1705,"date":"2024-02-06T09:14:25","date_gmt":"2024-02-06T08:14:25","guid":{"rendered":"https:\/\/lassietteaujardin.fr\/?p=1705"},"modified":"2024-02-23T20:54:32","modified_gmt":"2024-02-23T19:54:32","slug":"menus-a-partir-du-10-fevrier-2024","status":"publish","type":"post","link":"https:\/\/lassietteaujardin.fr\/menus-a-partir-du-10-fevrier-2024\/","title":{"rendered":"Menus \u00e0 partir du 10 F\u00e9vrier 2024"},"content":{"rendered":"<p>[et_pb_section fb_built=\u00a0\u00bb1&Prime; _builder_version=\u00a0\u00bb4.16&Prime; global_colors_info=\u00a0\u00bb{}\u00a0\u00bb][et_pb_row _builder_version=\u00a0\u00bb4.16&Prime; background_size=\u00a0\u00bbinitial\u00a0\u00bb background_position=\u00a0\u00bbtop_left\u00a0\u00bb background_repeat=\u00a0\u00bbrepeat\u00a0\u00bb global_colors_info=\u00a0\u00bb{}\u00a0\u00bb][et_pb_column type=\u00a0\u00bb4_4&Prime; _builder_version=\u00a0\u00bb4.16&Prime; custom_padding=\u00a0\u00bb|||\u00a0\u00bb global_colors_info=\u00a0\u00bb{}\u00a0\u00bb custom_padding__hover=\u00a0\u00bb|||\u00a0\u00bb][et_pb_text admin_label=\u00a0\u00bbArticle\u00a0\u00bb _builder_version=\u00a0\u00bb4.24.0&Prime; hover_enabled=\u00a0\u00bb0&Prime; z_index_tablet=\u00a0\u00bb500&Prime; global_colors_info=\u00a0\u00bb{}\u00a0\u00bb sticky_enabled=\u00a0\u00bb0&Prime;]<\/p>\n<h1>Un nouveau menu \u00e0 partir du 10 F\u00e9vrier<\/h1>\n<p>La cheffe Dominique SORET vous propose<\/p>\n<p>Menu BIB <strong>39 euros &#8211; entr\u00e9e, plat, dessert<\/strong><strong><br \/><\/strong><\/p>\n<h2><img loading=\"lazy\" decoding=\"async\" class=\"-564 alignnone \" src=\"https:\/\/lassietteaujardin.fr\/storage\/2020\/02\/logo-bib-gourmand.jpg\" alt=\"\" width=\"82\" height=\"46\" \/><\/h2>\n<h2>Entr\u00e9es<\/h2>\n<ul>\n<li>\n<p class=\"p1\"><span class=\"s1\">Hu\u00eetre Fujiyama, tartare d\u2019hu\u00eetre naturelle de chez Raymond Kadem au fruits de la passion et \u00e9chalote, kakigori de bouillon Dashi au vinaigre de Sakura fum\u00e9, cr\u00e8me mont\u00e9e au wasabi.<\/span><\/p>\n<\/li>\n<li>\n<p class=\"p1\">Le gros os \u00e0 moelle sauce Chimichuri, salade de m\u00e2che nantaise au pralin\u00e9.<\/p>\n<\/li>\n<li>Soupe de poissons de la cri\u00e9e, croutons et rouille.<\/li>\n<\/ul>\n<h2>Plats<\/h2>\n<ul>\n<li>\n<p class=\"p1\">Pot au feu de cochon aux 4 viandes et oreille, l\u00e9gumes anciens, bouillon d&rsquo;Asie.<\/p>\n<\/li>\n<li>\n<p class=\"p1\">Filet d&rsquo;Eglefin au beurre de caf\u00e9, soufflet blanc de choux fleur au gingembre.<\/p>\n<\/li>\n<\/ul>\n<h2>Desserts<\/h2>\n<ul>\n<li>Entre poire et fromage; poire poch\u00e9e, glace au Roquefort, tuile aux noix.<\/li>\n<li>Pain perdu coco, ananas flamb\u00e9 au rhum.<\/li>\n<li>La Trempette chocolat noir mousseux, biscuits de pate \u00e0 chou fa\u00e7on Churros .<\/li>\n<\/ul>\n<p>[\/et_pb_text][et_pb_divider _builder_version=\u00a0\u00bb4.18.0&Prime; _module_preset=\u00a0\u00bbdefault\u00a0\u00bb global_colors_info=\u00a0\u00bb{}\u00a0\u00bb][\/et_pb_divider][et_pb_text admin_label=\u00a0\u00bbArticle\u00a0\u00bb _builder_version=\u00a0\u00bb4.24.0&Prime; hover_enabled=\u00a0\u00bb0&Prime; z_index_tablet=\u00a0\u00bb500&Prime; global_colors_info=\u00a0\u00bb{}\u00a0\u00bb sticky_enabled=\u00a0\u00bb0&Prime;]<\/p>\n<h1>Le menu \u00e9dition limit\u00e9e \u00e0 partir du 10 F\u00e9vrier 2024<\/h1>\n<p>La cheffe Dominique SORET vous propose<\/p>\n<p>Menu Edition Limit\u00e9e 55<strong>\u00a0euros &#8211; entr\u00e9e, plat, dessert<\/strong><strong><br \/><\/strong><\/p>\n<h2><img loading=\"lazy\" decoding=\"async\" class=\"-564 alignnone \" src=\"https:\/\/lassietteaujardin.fr\/storage\/2020\/02\/logo-bib-gourmand.jpg\" alt=\"\" width=\"82\" height=\"46\" \/><\/h2>\n<h2>Entr\u00e9es<\/h2>\n<ul>\n<li>\n<p class=\"p1\"><span class=\"s1\">Hu\u00eetre Fujiyama, tartare d\u2019hu\u00eetre naturelle de chez Raymond Kadem au fruits de la passion et \u00e9chalote, kakigori de bouillon Dashi au vinaigre de Sakura fum\u00e9, cr\u00e8me mont\u00e9e au wasabi.<\/span><\/p>\n<\/li>\n<li>\n<p class=\"p1\">Ormeau et escargots de Bourgogne en meurette servis comme un vol au vent.<\/p>\n<\/li>\n<\/ul>\n<h2>Plats<\/h2>\n<ul>\n<li>\n<p class=\"p1\">Saint Jacques Rossini, sauce au cidre, pommes saut\u00e9es<\/p>\n<\/li>\n<\/ul>\n<h2>Desserts<\/h2>\n<ul>\n<li>Entre poire et fromage; poire poch\u00e9e, glace au Roquefort, tuile aux noix.<\/li>\n<li>Pain perdu coco, ananas flamb\u00e9 au rhum.<\/li>\n<li>La Trempette de chocolat noir mousseux, biscuits de pate \u00e0 chou fa\u00e7on Churros.<\/li>\n<\/ul>\n<p>[\/et_pb_text][et_pb_divider _builder_version=\u00a0\u00bb4.18.0&Prime; _module_preset=\u00a0\u00bbdefault\u00a0\u00bb global_colors_info=\u00a0\u00bb{}\u00a0\u00bb][\/et_pb_divider][\/et_pb_column][\/et_pb_row][\/et_pb_section]<\/p>\n","protected":false},"excerpt":{"rendered":"<p>Un nouveau menu \u00e0 partir du 10 F\u00e9vrier La cheffe Dominique SORET vous propose Menu BIB 39 euros &#8211; entr\u00e9e, plat, dessert Entr\u00e9es Hu\u00eetre Fujiyama, tartare d\u2019hu\u00eetre naturelle de chez Raymond Kadem au fruits de la passion et \u00e9chalote, kakigori de bouillon Dashi au vinaigre de Sakura fum\u00e9, cr\u00e8me mont\u00e9e au wasabi. Le gros os [&hellip;]<\/p>\n","protected":false},"author":2,"featured_media":252,"comment_status":"closed","ping_status":"closed","sticky":false,"template":"","format":"standard","meta":{"_et_pb_use_builder":"on","_et_pb_old_content":"<!-- wp:paragraph -->\r\n<p>Lorem ipsum dolor sit amet, consectetur adipisicing elit, sed do eiusmod tempor incididunt ut labore et dolore magna aliqua. Ut enim ad minim veniam, quis nostrud exercitation ullamco laboris nisi ut aliquip ex ea commodo consequat. Duis aute irure dolor in reprehenderit in voluptate velit esse cillum dolore eu fugiat nulla pariatur. Excepteur sint occaecat cupidatat non proident, sunt in culpa qui officia deserunt mollit anim id est laborum.<\/p>\r\n<!-- \/wp:paragraph -->","_et_gb_content_width":"","footnotes":""},"categories":[1],"tags":[],"class_list":["post-1705","post","type-post","status-publish","format-standard","has-post-thumbnail","hentry","category-non-classe"],"yoast_head":"<!-- This site is optimized with the Yoast SEO plugin v26.9 - https:\/\/yoast.com\/product\/yoast-seo-wordpress\/ -->\n<title>Menus \u00e0 partir du 10 F\u00e9vrier 2024 - L&#039;assiette au jardin | Restaurant \u00e0 Noirmoutier<\/title>\n<meta name=\"robots\" content=\"index, follow, max-snippet:-1, max-image-preview:large, max-video-preview:-1\" \/>\n<link rel=\"canonical\" href=\"https:\/\/lassietteaujardin.fr\/menus-a-partir-du-10-fevrier-2024\/\" \/>\n<meta property=\"og:locale\" content=\"fr_FR\" \/>\n<meta property=\"og:type\" content=\"article\" \/>\n<meta property=\"og:title\" content=\"Menus \u00e0 partir du 10 F\u00e9vrier 2024 - L&#039;assiette au jardin | Restaurant \u00e0 Noirmoutier\" \/>\n<meta property=\"og:description\" content=\"Un nouveau menu \u00e0 partir du 10 F\u00e9vrier La cheffe Dominique SORET vous propose Menu BIB 39 euros - entr\u00e9e, plat, dessert Entr\u00e9es Hu\u00eetre Fujiyama, tartare d\u2019hu\u00eetre naturelle de chez Raymond Kadem au fruits de la passion et \u00e9chalote, kakigori de bouillon Dashi au vinaigre de Sakura fum\u00e9, cr\u00e8me mont\u00e9e au wasabi. Le gros os [&hellip;]\" \/>\n<meta property=\"og:url\" content=\"https:\/\/lassietteaujardin.fr\/menus-a-partir-du-10-fevrier-2024\/\" \/>\n<meta property=\"og:site_name\" content=\"L&#039;assiette au jardin | Restaurant \u00e0 Noirmoutier\" \/>\n<meta property=\"article:published_time\" content=\"2024-02-06T08:14:25+00:00\" \/>\n<meta property=\"article:modified_time\" content=\"2024-02-23T19:54:32+00:00\" \/>\n<meta property=\"og:image\" content=\"https:\/\/lassietteaujardin.fr\/wp-content\/uploads\/2019\/04\/cover-restaurant-assiette-au-jardin.jpg\" \/>\n\t<meta property=\"og:image:width\" content=\"1440\" \/>\n\t<meta property=\"og:image:height\" content=\"469\" \/>\n\t<meta property=\"og:image:type\" content=\"image\/jpeg\" \/>\n<meta name=\"author\" content=\"Dominique Soret\" \/>\n<meta name=\"twitter:card\" content=\"summary_large_image\" \/>\n<meta name=\"twitter:label1\" content=\"\u00c9crit par\" \/>\n\t<meta name=\"twitter:data1\" content=\"Dominique Soret\" \/>\n\t<meta name=\"twitter:label2\" content=\"Dur\u00e9e de lecture estim\u00e9e\" \/>\n\t<meta name=\"twitter:data2\" content=\"2 minutes\" \/>\n<script type=\"application\/ld+json\" class=\"yoast-schema-graph\">{\"@context\":\"https:\/\/schema.org\",\"@graph\":[{\"@type\":\"Article\",\"@id\":\"https:\/\/lassietteaujardin.fr\/menus-a-partir-du-10-fevrier-2024\/#article\",\"isPartOf\":{\"@id\":\"https:\/\/lassietteaujardin.fr\/menus-a-partir-du-10-fevrier-2024\/\"},\"author\":{\"name\":\"Dominique Soret\",\"@id\":\"https:\/\/lassietteaujardin.fr\/#\/schema\/person\/3bd0da5db54039c71fd324a7b881d533\"},\"headline\":\"Menus \u00e0 partir du 10 F\u00e9vrier 2024\",\"datePublished\":\"2024-02-06T08:14:25+00:00\",\"dateModified\":\"2024-02-23T19:54:32+00:00\",\"mainEntityOfPage\":{\"@id\":\"https:\/\/lassietteaujardin.fr\/menus-a-partir-du-10-fevrier-2024\/\"},\"wordCount\":387,\"image\":{\"@id\":\"https:\/\/lassietteaujardin.fr\/menus-a-partir-du-10-fevrier-2024\/#primaryimage\"},\"thumbnailUrl\":\"https:\/\/lassietteaujardin.fr\/wp-content\/uploads\/2019\/04\/cover-restaurant-assiette-au-jardin.jpg\",\"inLanguage\":\"fr-FR\"},{\"@type\":\"WebPage\",\"@id\":\"https:\/\/lassietteaujardin.fr\/menus-a-partir-du-10-fevrier-2024\/\",\"url\":\"https:\/\/lassietteaujardin.fr\/menus-a-partir-du-10-fevrier-2024\/\",\"name\":\"Menus \u00e0 partir du 10 F\u00e9vrier 2024 - L&#039;assiette au jardin | Restaurant \u00e0 Noirmoutier\",\"isPartOf\":{\"@id\":\"https:\/\/lassietteaujardin.fr\/#website\"},\"primaryImageOfPage\":{\"@id\":\"https:\/\/lassietteaujardin.fr\/menus-a-partir-du-10-fevrier-2024\/#primaryimage\"},\"image\":{\"@id\":\"https:\/\/lassietteaujardin.fr\/menus-a-partir-du-10-fevrier-2024\/#primaryimage\"},\"thumbnailUrl\":\"https:\/\/lassietteaujardin.fr\/wp-content\/uploads\/2019\/04\/cover-restaurant-assiette-au-jardin.jpg\",\"datePublished\":\"2024-02-06T08:14:25+00:00\",\"dateModified\":\"2024-02-23T19:54:32+00:00\",\"author\":{\"@id\":\"https:\/\/lassietteaujardin.fr\/#\/schema\/person\/3bd0da5db54039c71fd324a7b881d533\"},\"breadcrumb\":{\"@id\":\"https:\/\/lassietteaujardin.fr\/menus-a-partir-du-10-fevrier-2024\/#breadcrumb\"},\"inLanguage\":\"fr-FR\",\"potentialAction\":[{\"@type\":\"ReadAction\",\"target\":[\"https:\/\/lassietteaujardin.fr\/menus-a-partir-du-10-fevrier-2024\/\"]}]},{\"@type\":\"ImageObject\",\"inLanguage\":\"fr-FR\",\"@id\":\"https:\/\/lassietteaujardin.fr\/menus-a-partir-du-10-fevrier-2024\/#primaryimage\",\"url\":\"https:\/\/lassietteaujardin.fr\/wp-content\/uploads\/2019\/04\/cover-restaurant-assiette-au-jardin.jpg\",\"contentUrl\":\"https:\/\/lassietteaujardin.fr\/wp-content\/uploads\/2019\/04\/cover-restaurant-assiette-au-jardin.jpg\",\"width\":1440,\"height\":469},{\"@type\":\"BreadcrumbList\",\"@id\":\"https:\/\/lassietteaujardin.fr\/menus-a-partir-du-10-fevrier-2024\/#breadcrumb\",\"itemListElement\":[{\"@type\":\"ListItem\",\"position\":1,\"name\":\"Accueil\",\"item\":\"https:\/\/lassietteaujardin.fr\/\"},{\"@type\":\"ListItem\",\"position\":2,\"name\":\"Menus \u00e0 partir du 10 F\u00e9vrier 2024\"}]},{\"@type\":\"WebSite\",\"@id\":\"https:\/\/lassietteaujardin.fr\/#website\",\"url\":\"https:\/\/lassietteaujardin.fr\/\",\"name\":\"L&#039;assiette au jardin | Restaurant \u00e0 Noirmoutier\",\"description\":\"Restaurant sur l&#039;\u00eele de Noirmoutier\",\"potentialAction\":[{\"@type\":\"SearchAction\",\"target\":{\"@type\":\"EntryPoint\",\"urlTemplate\":\"https:\/\/lassietteaujardin.fr\/?s={search_term_string}\"},\"query-input\":{\"@type\":\"PropertyValueSpecification\",\"valueRequired\":true,\"valueName\":\"search_term_string\"}}],\"inLanguage\":\"fr-FR\"},{\"@type\":\"Person\",\"@id\":\"https:\/\/lassietteaujardin.fr\/#\/schema\/person\/3bd0da5db54039c71fd324a7b881d533\",\"name\":\"Dominique Soret\",\"image\":{\"@type\":\"ImageObject\",\"inLanguage\":\"fr-FR\",\"@id\":\"https:\/\/lassietteaujardin.fr\/#\/schema\/person\/image\/\",\"url\":\"https:\/\/secure.gravatar.com\/avatar\/5321391d931651b3f9d834aef3be79451a22cdaa9aa30b9456c4de73818c6716?s=96&d=mm&r=g\",\"contentUrl\":\"https:\/\/secure.gravatar.com\/avatar\/5321391d931651b3f9d834aef3be79451a22cdaa9aa30b9456c4de73818c6716?s=96&d=mm&r=g\",\"caption\":\"Dominique Soret\"},\"url\":\"https:\/\/lassietteaujardin.fr\/author\/dominique\/\"}]}<\/script>\n<!-- \/ Yoast SEO plugin. -->","yoast_head_json":{"title":"Menus \u00e0 partir du 10 F\u00e9vrier 2024 - L&#039;assiette au jardin | Restaurant \u00e0 Noirmoutier","robots":{"index":"index","follow":"follow","max-snippet":"max-snippet:-1","max-image-preview":"max-image-preview:large","max-video-preview":"max-video-preview:-1"},"canonical":"https:\/\/lassietteaujardin.fr\/menus-a-partir-du-10-fevrier-2024\/","og_locale":"fr_FR","og_type":"article","og_title":"Menus \u00e0 partir du 10 F\u00e9vrier 2024 - L&#039;assiette au jardin | Restaurant \u00e0 Noirmoutier","og_description":"Un nouveau menu \u00e0 partir du 10 F\u00e9vrier La cheffe Dominique SORET vous propose Menu BIB 39 euros - entr\u00e9e, plat, dessert Entr\u00e9es Hu\u00eetre Fujiyama, tartare d\u2019hu\u00eetre naturelle de chez Raymond Kadem au fruits de la passion et \u00e9chalote, kakigori de bouillon Dashi au vinaigre de Sakura fum\u00e9, cr\u00e8me mont\u00e9e au wasabi. Le gros os [&hellip;]","og_url":"https:\/\/lassietteaujardin.fr\/menus-a-partir-du-10-fevrier-2024\/","og_site_name":"L&#039;assiette au jardin | Restaurant \u00e0 Noirmoutier","article_published_time":"2024-02-06T08:14:25+00:00","article_modified_time":"2024-02-23T19:54:32+00:00","og_image":[{"width":1440,"height":469,"url":"https:\/\/lassietteaujardin.fr\/wp-content\/uploads\/2019\/04\/cover-restaurant-assiette-au-jardin.jpg","type":"image\/jpeg"}],"author":"Dominique Soret","twitter_card":"summary_large_image","twitter_misc":{"\u00c9crit par":"Dominique Soret","Dur\u00e9e de lecture estim\u00e9e":"2 minutes"},"schema":{"@context":"https:\/\/schema.org","@graph":[{"@type":"Article","@id":"https:\/\/lassietteaujardin.fr\/menus-a-partir-du-10-fevrier-2024\/#article","isPartOf":{"@id":"https:\/\/lassietteaujardin.fr\/menus-a-partir-du-10-fevrier-2024\/"},"author":{"name":"Dominique Soret","@id":"https:\/\/lassietteaujardin.fr\/#\/schema\/person\/3bd0da5db54039c71fd324a7b881d533"},"headline":"Menus \u00e0 partir du 10 F\u00e9vrier 2024","datePublished":"2024-02-06T08:14:25+00:00","dateModified":"2024-02-23T19:54:32+00:00","mainEntityOfPage":{"@id":"https:\/\/lassietteaujardin.fr\/menus-a-partir-du-10-fevrier-2024\/"},"wordCount":387,"image":{"@id":"https:\/\/lassietteaujardin.fr\/menus-a-partir-du-10-fevrier-2024\/#primaryimage"},"thumbnailUrl":"https:\/\/lassietteaujardin.fr\/wp-content\/uploads\/2019\/04\/cover-restaurant-assiette-au-jardin.jpg","inLanguage":"fr-FR"},{"@type":"WebPage","@id":"https:\/\/lassietteaujardin.fr\/menus-a-partir-du-10-fevrier-2024\/","url":"https:\/\/lassietteaujardin.fr\/menus-a-partir-du-10-fevrier-2024\/","name":"Menus \u00e0 partir du 10 F\u00e9vrier 2024 - L&#039;assiette au jardin | Restaurant \u00e0 Noirmoutier","isPartOf":{"@id":"https:\/\/lassietteaujardin.fr\/#website"},"primaryImageOfPage":{"@id":"https:\/\/lassietteaujardin.fr\/menus-a-partir-du-10-fevrier-2024\/#primaryimage"},"image":{"@id":"https:\/\/lassietteaujardin.fr\/menus-a-partir-du-10-fevrier-2024\/#primaryimage"},"thumbnailUrl":"https:\/\/lassietteaujardin.fr\/wp-content\/uploads\/2019\/04\/cover-restaurant-assiette-au-jardin.jpg","datePublished":"2024-02-06T08:14:25+00:00","dateModified":"2024-02-23T19:54:32+00:00","author":{"@id":"https:\/\/lassietteaujardin.fr\/#\/schema\/person\/3bd0da5db54039c71fd324a7b881d533"},"breadcrumb":{"@id":"https:\/\/lassietteaujardin.fr\/menus-a-partir-du-10-fevrier-2024\/#breadcrumb"},"inLanguage":"fr-FR","potentialAction":[{"@type":"ReadAction","target":["https:\/\/lassietteaujardin.fr\/menus-a-partir-du-10-fevrier-2024\/"]}]},{"@type":"ImageObject","inLanguage":"fr-FR","@id":"https:\/\/lassietteaujardin.fr\/menus-a-partir-du-10-fevrier-2024\/#primaryimage","url":"https:\/\/lassietteaujardin.fr\/wp-content\/uploads\/2019\/04\/cover-restaurant-assiette-au-jardin.jpg","contentUrl":"https:\/\/lassietteaujardin.fr\/wp-content\/uploads\/2019\/04\/cover-restaurant-assiette-au-jardin.jpg","width":1440,"height":469},{"@type":"BreadcrumbList","@id":"https:\/\/lassietteaujardin.fr\/menus-a-partir-du-10-fevrier-2024\/#breadcrumb","itemListElement":[{"@type":"ListItem","position":1,"name":"Accueil","item":"https:\/\/lassietteaujardin.fr\/"},{"@type":"ListItem","position":2,"name":"Menus \u00e0 partir du 10 F\u00e9vrier 2024"}]},{"@type":"WebSite","@id":"https:\/\/lassietteaujardin.fr\/#website","url":"https:\/\/lassietteaujardin.fr\/","name":"L&#039;assiette au jardin | Restaurant \u00e0 Noirmoutier","description":"Restaurant sur l&#039;\u00eele de Noirmoutier","potentialAction":[{"@type":"SearchAction","target":{"@type":"EntryPoint","urlTemplate":"https:\/\/lassietteaujardin.fr\/?s={search_term_string}"},"query-input":{"@type":"PropertyValueSpecification","valueRequired":true,"valueName":"search_term_string"}}],"inLanguage":"fr-FR"},{"@type":"Person","@id":"https:\/\/lassietteaujardin.fr\/#\/schema\/person\/3bd0da5db54039c71fd324a7b881d533","name":"Dominique Soret","image":{"@type":"ImageObject","inLanguage":"fr-FR","@id":"https:\/\/lassietteaujardin.fr\/#\/schema\/person\/image\/","url":"https:\/\/secure.gravatar.com\/avatar\/5321391d931651b3f9d834aef3be79451a22cdaa9aa30b9456c4de73818c6716?s=96&d=mm&r=g","contentUrl":"https:\/\/secure.gravatar.com\/avatar\/5321391d931651b3f9d834aef3be79451a22cdaa9aa30b9456c4de73818c6716?s=96&d=mm&r=g","caption":"Dominique Soret"},"url":"https:\/\/lassietteaujardin.fr\/author\/dominique\/"}]}},"_links":{"self":[{"href":"https:\/\/lassietteaujardin.fr\/api\/wp\/v2\/posts\/1705","targetHints":{"allow":["GET"]}}],"collection":[{"href":"https:\/\/lassietteaujardin.fr\/api\/wp\/v2\/posts"}],"about":[{"href":"https:\/\/lassietteaujardin.fr\/api\/wp\/v2\/types\/post"}],"author":[{"embeddable":true,"href":"https:\/\/lassietteaujardin.fr\/api\/wp\/v2\/users\/2"}],"replies":[{"embeddable":true,"href":"https:\/\/lassietteaujardin.fr\/api\/wp\/v2\/comments?post=1705"}],"version-history":[{"count":7,"href":"https:\/\/lassietteaujardin.fr\/api\/wp\/v2\/posts\/1705\/revisions"}],"predecessor-version":[{"id":1723,"href":"https:\/\/lassietteaujardin.fr\/api\/wp\/v2\/posts\/1705\/revisions\/1723"}],"wp:featuredmedia":[{"embeddable":true,"href":"https:\/\/lassietteaujardin.fr\/api\/wp\/v2\/media\/252"}],"wp:attachment":[{"href":"https:\/\/lassietteaujardin.fr\/api\/wp\/v2\/media?parent=1705"}],"wp:term":[{"taxonomy":"category","embeddable":true,"href":"https:\/\/lassietteaujardin.fr\/api\/wp\/v2\/categories?post=1705"},{"taxonomy":"post_tag","embeddable":true,"href":"https:\/\/lassietteaujardin.fr\/api\/wp\/v2\/tags?post=1705"}],"curies":[{"name":"wp","href":"https:\/\/api.w.org\/{rel}","templated":true}]}}