{"id":1798,"date":"2024-04-09T11:00:13","date_gmt":"2024-04-09T09:00:13","guid":{"rendered":"https:\/\/lassietteaujardin.fr\/?p=1798"},"modified":"2024-04-12T11:26:04","modified_gmt":"2024-04-12T09:26:04","slug":"menu-a-partir-du-09-avril-2024","status":"publish","type":"post","link":"https:\/\/lassietteaujardin.fr\/menu-a-partir-du-09-avril-2024\/","title":{"rendered":"Menu \u00e0 partir du 09 Avril 2024"},"content":{"rendered":"<p>[et_pb_section fb_built=\u00a0\u00bb1&Prime; _builder_version=\u00a0\u00bb4.16&Prime; global_colors_info=\u00a0\u00bb{}\u00a0\u00bb][et_pb_row _builder_version=\u00a0\u00bb4.24.2&Prime; background_size=\u00a0\u00bbinitial\u00a0\u00bb background_position=\u00a0\u00bbtop_left\u00a0\u00bb background_repeat=\u00a0\u00bbrepeat\u00a0\u00bb hover_enabled=\u00a0\u00bb0&Prime; global_colors_info=\u00a0\u00bb{}\u00a0\u00bb sticky_enabled=\u00a0\u00bb0&Prime;][et_pb_column type=\u00a0\u00bb4_4&Prime; _builder_version=\u00a0\u00bb4.16&Prime; custom_padding=\u00a0\u00bb|||\u00a0\u00bb global_colors_info=\u00a0\u00bb{}\u00a0\u00bb custom_padding__hover=\u00a0\u00bb|||\u00a0\u00bb][et_pb_text admin_label=\u00a0\u00bbArticle\u00a0\u00bb _builder_version=\u00a0\u00bb4.24.2&Prime; hover_enabled=\u00a0\u00bb0&Prime; z_index_tablet=\u00a0\u00bb500&Prime; global_colors_info=\u00a0\u00bb{}\u00a0\u00bb sticky_enabled=\u00a0\u00bb0&Prime;]<\/p>\n<h1>Un nouveau menu \u00e0 partir du 09 Avril 2024<\/h1>\n<p>La cheffe Dominique SORET vous propose<\/p>\n<p>Menu BIB <strong>39 euros &#8211; entr\u00e9e, plat, dessert<\/strong><strong><br \/><\/strong><\/p>\n<h2><img loading=\"lazy\" decoding=\"async\" class=\"-564 alignnone \" src=\"https:\/\/lassietteaujardin.fr\/storage\/2020\/02\/logo-bib-gourmand.jpg\" alt=\"\" width=\"82\" height=\"46\" \/><\/h2>\n<h2>Entr\u00e9es<\/h2>\n<ul>\n<li>\n<p class=\"p1\"><span class=\"s1\">Hu\u00eetre Fujiyama, tartare d\u2019hu\u00eetre naturelle de chez Raymond Kadem au fruits de la passion et \u00e9chalote, kakigori de bouillon Dashi au vinaigre de Sakura fum\u00e9, cr\u00e8me mont\u00e9e au wasabi<\/span>.<\/p>\n<\/li>\n<li>Palourdes vapeur aux herbes fra\u00eeches et bouillon d&rsquo;Asie.<\/li>\n<li>Salade de pousses d&rsquo;\u00e9pinard du jardin de Morgan \u00e0 Barb\u00e2tre, Saint Jacques fum\u00e9es par nos soins, condiments de printemps \u00e0 la pistache. (suppl\u00e9ment 3 euros)<\/li>\n<\/ul>\n<p>&nbsp;<\/p>\n<h2>Plats<\/h2>\n<ul>\n<li>\n<p class=\"p1\">Magret de canard cuit \u00e0 basse temp\u00e9rature, pomme au beurre, \u00e9cras\u00e9 de pommes de Terre \u00e0 l&rsquo;ail des ours, sauce au miel de sarrasin.<\/p>\n<\/li>\n<li>\n<p class=\"p1\">Bourguignon traditionnel mais, de thon Albacore, petits lardons, pomme vapeur.<\/p>\n<\/li>\n<li>C\u0153ur de ris de veau brais\u00e9 au beurre sal\u00e9, \u00e9mulsion de cr\u00e8me infus\u00e9e \u00e0 l&rsquo;estragon, tranche de lard craquant. (suppl\u00e9ment 7 euros)<\/li>\n<\/ul>\n<h2>Desserts<\/h2>\n<ul>\n<li>Le \u00ab\u00a0Jama\u00efcan Baba Coffee\u00a0\u00bb.<\/li>\n<li>Pain perdu coco, ananas flamb\u00e9 au rhum.<\/li>\n<li>La Trempette chocolat noir mousseux, biscuits de pate \u00e0 chou fa\u00e7on Churros.<\/li>\n<\/ul>\n<p>[\/et_pb_text][et_pb_divider _builder_version=\u00a0\u00bb4.18.0&Prime; _module_preset=\u00a0\u00bbdefault\u00a0\u00bb global_colors_info=\u00a0\u00bb{}\u00a0\u00bb][\/et_pb_divider][\/et_pb_column][\/et_pb_row][\/et_pb_section]<\/p>\n","protected":false},"excerpt":{"rendered":"<p>Un nouveau menu \u00e0 partir du 09 Avril 2024 La cheffe Dominique SORET vous propose Menu BIB 39 euros &#8211; entr\u00e9e, plat, dessert Entr\u00e9es Hu\u00eetre Fujiyama, tartare d\u2019hu\u00eetre naturelle de chez Raymond Kadem au fruits de la passion et \u00e9chalote, kakigori de bouillon Dashi au vinaigre de Sakura fum\u00e9, cr\u00e8me mont\u00e9e au wasabi. Palourdes vapeur [&hellip;]<\/p>\n","protected":false},"author":2,"featured_media":252,"comment_status":"closed","ping_status":"closed","sticky":false,"template":"","format":"standard","meta":{"_et_pb_use_builder":"on","_et_pb_old_content":"<!-- wp:paragraph -->\r\n<p>Lorem ipsum dolor sit amet, consectetur adipisicing elit, sed do eiusmod tempor incididunt ut labore et dolore magna aliqua. Ut enim ad minim veniam, quis nostrud exercitation ullamco laboris nisi ut aliquip ex ea commodo consequat. Duis aute irure dolor in reprehenderit in voluptate velit esse cillum dolore eu fugiat nulla pariatur. Excepteur sint occaecat cupidatat non proident, sunt in culpa qui officia deserunt mollit anim id est laborum.<\/p>\r\n<!-- \/wp:paragraph -->","_et_gb_content_width":"","footnotes":""},"categories":[1],"tags":[],"class_list":["post-1798","post","type-post","status-publish","format-standard","has-post-thumbnail","hentry","category-non-classe"],"yoast_head":"<!-- This site is optimized with the Yoast SEO plugin v26.9 - https:\/\/yoast.com\/product\/yoast-seo-wordpress\/ -->\n<title>Menu \u00e0 partir du 09 Avril 2024 - L&#039;assiette au jardin | Restaurant \u00e0 Noirmoutier<\/title>\n<meta name=\"robots\" content=\"index, follow, max-snippet:-1, max-image-preview:large, max-video-preview:-1\" \/>\n<link rel=\"canonical\" href=\"https:\/\/lassietteaujardin.fr\/menu-a-partir-du-09-avril-2024\/\" \/>\n<meta property=\"og:locale\" content=\"fr_FR\" \/>\n<meta property=\"og:type\" content=\"article\" \/>\n<meta property=\"og:title\" content=\"Menu \u00e0 partir du 09 Avril 2024 - L&#039;assiette au jardin | Restaurant \u00e0 Noirmoutier\" \/>\n<meta property=\"og:description\" content=\"Un nouveau menu \u00e0 partir du 09 Avril 2024 La cheffe Dominique SORET vous propose Menu BIB 39 euros - entr\u00e9e, plat, dessert Entr\u00e9es Hu\u00eetre Fujiyama, tartare d\u2019hu\u00eetre naturelle de chez Raymond Kadem au fruits de la passion et \u00e9chalote, kakigori de bouillon Dashi au vinaigre de Sakura fum\u00e9, cr\u00e8me mont\u00e9e au wasabi. Palourdes vapeur [&hellip;]\" \/>\n<meta property=\"og:url\" content=\"https:\/\/lassietteaujardin.fr\/menu-a-partir-du-09-avril-2024\/\" \/>\n<meta property=\"og:site_name\" content=\"L&#039;assiette au jardin | Restaurant \u00e0 Noirmoutier\" \/>\n<meta property=\"article:published_time\" content=\"2024-04-09T09:00:13+00:00\" \/>\n<meta property=\"article:modified_time\" content=\"2024-04-12T09:26:04+00:00\" \/>\n<meta property=\"og:image\" content=\"https:\/\/lassietteaujardin.fr\/wp-content\/uploads\/2019\/04\/cover-restaurant-assiette-au-jardin.jpg\" \/>\n\t<meta property=\"og:image:width\" content=\"1440\" \/>\n\t<meta property=\"og:image:height\" content=\"469\" \/>\n\t<meta property=\"og:image:type\" content=\"image\/jpeg\" \/>\n<meta name=\"author\" content=\"Dominique Soret\" \/>\n<meta name=\"twitter:card\" content=\"summary_large_image\" \/>\n<meta name=\"twitter:label1\" content=\"\u00c9crit par\" \/>\n\t<meta name=\"twitter:data1\" content=\"Dominique Soret\" \/>\n\t<meta name=\"twitter:label2\" content=\"Dur\u00e9e de lecture estim\u00e9e\" \/>\n\t<meta name=\"twitter:data2\" content=\"2 minutes\" \/>\n<script type=\"application\/ld+json\" class=\"yoast-schema-graph\">{\"@context\":\"https:\/\/schema.org\",\"@graph\":[{\"@type\":\"Article\",\"@id\":\"https:\/\/lassietteaujardin.fr\/menu-a-partir-du-09-avril-2024\/#article\",\"isPartOf\":{\"@id\":\"https:\/\/lassietteaujardin.fr\/menu-a-partir-du-09-avril-2024\/\"},\"author\":{\"name\":\"Dominique Soret\",\"@id\":\"https:\/\/lassietteaujardin.fr\/#\/schema\/person\/3bd0da5db54039c71fd324a7b881d533\"},\"headline\":\"Menu \u00e0 partir du 09 Avril 2024\",\"datePublished\":\"2024-04-09T09:00:13+00:00\",\"dateModified\":\"2024-04-12T09:26:04+00:00\",\"mainEntityOfPage\":{\"@id\":\"https:\/\/lassietteaujardin.fr\/menu-a-partir-du-09-avril-2024\/\"},\"wordCount\":272,\"image\":{\"@id\":\"https:\/\/lassietteaujardin.fr\/menu-a-partir-du-09-avril-2024\/#primaryimage\"},\"thumbnailUrl\":\"https:\/\/lassietteaujardin.fr\/wp-content\/uploads\/2019\/04\/cover-restaurant-assiette-au-jardin.jpg\",\"inLanguage\":\"fr-FR\"},{\"@type\":\"WebPage\",\"@id\":\"https:\/\/lassietteaujardin.fr\/menu-a-partir-du-09-avril-2024\/\",\"url\":\"https:\/\/lassietteaujardin.fr\/menu-a-partir-du-09-avril-2024\/\",\"name\":\"Menu \u00e0 partir du 09 Avril 2024 - L&#039;assiette au jardin | Restaurant \u00e0 Noirmoutier\",\"isPartOf\":{\"@id\":\"https:\/\/lassietteaujardin.fr\/#website\"},\"primaryImageOfPage\":{\"@id\":\"https:\/\/lassietteaujardin.fr\/menu-a-partir-du-09-avril-2024\/#primaryimage\"},\"image\":{\"@id\":\"https:\/\/lassietteaujardin.fr\/menu-a-partir-du-09-avril-2024\/#primaryimage\"},\"thumbnailUrl\":\"https:\/\/lassietteaujardin.fr\/wp-content\/uploads\/2019\/04\/cover-restaurant-assiette-au-jardin.jpg\",\"datePublished\":\"2024-04-09T09:00:13+00:00\",\"dateModified\":\"2024-04-12T09:26:04+00:00\",\"author\":{\"@id\":\"https:\/\/lassietteaujardin.fr\/#\/schema\/person\/3bd0da5db54039c71fd324a7b881d533\"},\"breadcrumb\":{\"@id\":\"https:\/\/lassietteaujardin.fr\/menu-a-partir-du-09-avril-2024\/#breadcrumb\"},\"inLanguage\":\"fr-FR\",\"potentialAction\":[{\"@type\":\"ReadAction\",\"target\":[\"https:\/\/lassietteaujardin.fr\/menu-a-partir-du-09-avril-2024\/\"]}]},{\"@type\":\"ImageObject\",\"inLanguage\":\"fr-FR\",\"@id\":\"https:\/\/lassietteaujardin.fr\/menu-a-partir-du-09-avril-2024\/#primaryimage\",\"url\":\"https:\/\/lassietteaujardin.fr\/wp-content\/uploads\/2019\/04\/cover-restaurant-assiette-au-jardin.jpg\",\"contentUrl\":\"https:\/\/lassietteaujardin.fr\/wp-content\/uploads\/2019\/04\/cover-restaurant-assiette-au-jardin.jpg\",\"width\":1440,\"height\":469},{\"@type\":\"BreadcrumbList\",\"@id\":\"https:\/\/lassietteaujardin.fr\/menu-a-partir-du-09-avril-2024\/#breadcrumb\",\"itemListElement\":[{\"@type\":\"ListItem\",\"position\":1,\"name\":\"Accueil\",\"item\":\"https:\/\/lassietteaujardin.fr\/\"},{\"@type\":\"ListItem\",\"position\":2,\"name\":\"Menu \u00e0 partir du 09 Avril 2024\"}]},{\"@type\":\"WebSite\",\"@id\":\"https:\/\/lassietteaujardin.fr\/#website\",\"url\":\"https:\/\/lassietteaujardin.fr\/\",\"name\":\"L&#039;assiette au jardin | Restaurant \u00e0 Noirmoutier\",\"description\":\"Restaurant sur l&#039;\u00eele de Noirmoutier\",\"potentialAction\":[{\"@type\":\"SearchAction\",\"target\":{\"@type\":\"EntryPoint\",\"urlTemplate\":\"https:\/\/lassietteaujardin.fr\/?s={search_term_string}\"},\"query-input\":{\"@type\":\"PropertyValueSpecification\",\"valueRequired\":true,\"valueName\":\"search_term_string\"}}],\"inLanguage\":\"fr-FR\"},{\"@type\":\"Person\",\"@id\":\"https:\/\/lassietteaujardin.fr\/#\/schema\/person\/3bd0da5db54039c71fd324a7b881d533\",\"name\":\"Dominique Soret\",\"image\":{\"@type\":\"ImageObject\",\"inLanguage\":\"fr-FR\",\"@id\":\"https:\/\/lassietteaujardin.fr\/#\/schema\/person\/image\/\",\"url\":\"https:\/\/secure.gravatar.com\/avatar\/5321391d931651b3f9d834aef3be79451a22cdaa9aa30b9456c4de73818c6716?s=96&d=mm&r=g\",\"contentUrl\":\"https:\/\/secure.gravatar.com\/avatar\/5321391d931651b3f9d834aef3be79451a22cdaa9aa30b9456c4de73818c6716?s=96&d=mm&r=g\",\"caption\":\"Dominique Soret\"},\"url\":\"https:\/\/lassietteaujardin.fr\/author\/dominique\/\"}]}<\/script>\n<!-- \/ Yoast SEO plugin. -->","yoast_head_json":{"title":"Menu \u00e0 partir du 09 Avril 2024 - L&#039;assiette au jardin | Restaurant \u00e0 Noirmoutier","robots":{"index":"index","follow":"follow","max-snippet":"max-snippet:-1","max-image-preview":"max-image-preview:large","max-video-preview":"max-video-preview:-1"},"canonical":"https:\/\/lassietteaujardin.fr\/menu-a-partir-du-09-avril-2024\/","og_locale":"fr_FR","og_type":"article","og_title":"Menu \u00e0 partir du 09 Avril 2024 - L&#039;assiette au jardin | Restaurant \u00e0 Noirmoutier","og_description":"Un nouveau menu \u00e0 partir du 09 Avril 2024 La cheffe Dominique SORET vous propose Menu BIB 39 euros - entr\u00e9e, plat, dessert Entr\u00e9es Hu\u00eetre Fujiyama, tartare d\u2019hu\u00eetre naturelle de chez Raymond Kadem au fruits de la passion et \u00e9chalote, kakigori de bouillon Dashi au vinaigre de Sakura fum\u00e9, cr\u00e8me mont\u00e9e au wasabi. Palourdes vapeur [&hellip;]","og_url":"https:\/\/lassietteaujardin.fr\/menu-a-partir-du-09-avril-2024\/","og_site_name":"L&#039;assiette au jardin | Restaurant \u00e0 Noirmoutier","article_published_time":"2024-04-09T09:00:13+00:00","article_modified_time":"2024-04-12T09:26:04+00:00","og_image":[{"width":1440,"height":469,"url":"https:\/\/lassietteaujardin.fr\/wp-content\/uploads\/2019\/04\/cover-restaurant-assiette-au-jardin.jpg","type":"image\/jpeg"}],"author":"Dominique Soret","twitter_card":"summary_large_image","twitter_misc":{"\u00c9crit par":"Dominique Soret","Dur\u00e9e de lecture estim\u00e9e":"2 minutes"},"schema":{"@context":"https:\/\/schema.org","@graph":[{"@type":"Article","@id":"https:\/\/lassietteaujardin.fr\/menu-a-partir-du-09-avril-2024\/#article","isPartOf":{"@id":"https:\/\/lassietteaujardin.fr\/menu-a-partir-du-09-avril-2024\/"},"author":{"name":"Dominique Soret","@id":"https:\/\/lassietteaujardin.fr\/#\/schema\/person\/3bd0da5db54039c71fd324a7b881d533"},"headline":"Menu \u00e0 partir du 09 Avril 2024","datePublished":"2024-04-09T09:00:13+00:00","dateModified":"2024-04-12T09:26:04+00:00","mainEntityOfPage":{"@id":"https:\/\/lassietteaujardin.fr\/menu-a-partir-du-09-avril-2024\/"},"wordCount":272,"image":{"@id":"https:\/\/lassietteaujardin.fr\/menu-a-partir-du-09-avril-2024\/#primaryimage"},"thumbnailUrl":"https:\/\/lassietteaujardin.fr\/wp-content\/uploads\/2019\/04\/cover-restaurant-assiette-au-jardin.jpg","inLanguage":"fr-FR"},{"@type":"WebPage","@id":"https:\/\/lassietteaujardin.fr\/menu-a-partir-du-09-avril-2024\/","url":"https:\/\/lassietteaujardin.fr\/menu-a-partir-du-09-avril-2024\/","name":"Menu \u00e0 partir du 09 Avril 2024 - L&#039;assiette au jardin | Restaurant \u00e0 Noirmoutier","isPartOf":{"@id":"https:\/\/lassietteaujardin.fr\/#website"},"primaryImageOfPage":{"@id":"https:\/\/lassietteaujardin.fr\/menu-a-partir-du-09-avril-2024\/#primaryimage"},"image":{"@id":"https:\/\/lassietteaujardin.fr\/menu-a-partir-du-09-avril-2024\/#primaryimage"},"thumbnailUrl":"https:\/\/lassietteaujardin.fr\/wp-content\/uploads\/2019\/04\/cover-restaurant-assiette-au-jardin.jpg","datePublished":"2024-04-09T09:00:13+00:00","dateModified":"2024-04-12T09:26:04+00:00","author":{"@id":"https:\/\/lassietteaujardin.fr\/#\/schema\/person\/3bd0da5db54039c71fd324a7b881d533"},"breadcrumb":{"@id":"https:\/\/lassietteaujardin.fr\/menu-a-partir-du-09-avril-2024\/#breadcrumb"},"inLanguage":"fr-FR","potentialAction":[{"@type":"ReadAction","target":["https:\/\/lassietteaujardin.fr\/menu-a-partir-du-09-avril-2024\/"]}]},{"@type":"ImageObject","inLanguage":"fr-FR","@id":"https:\/\/lassietteaujardin.fr\/menu-a-partir-du-09-avril-2024\/#primaryimage","url":"https:\/\/lassietteaujardin.fr\/wp-content\/uploads\/2019\/04\/cover-restaurant-assiette-au-jardin.jpg","contentUrl":"https:\/\/lassietteaujardin.fr\/wp-content\/uploads\/2019\/04\/cover-restaurant-assiette-au-jardin.jpg","width":1440,"height":469},{"@type":"BreadcrumbList","@id":"https:\/\/lassietteaujardin.fr\/menu-a-partir-du-09-avril-2024\/#breadcrumb","itemListElement":[{"@type":"ListItem","position":1,"name":"Accueil","item":"https:\/\/lassietteaujardin.fr\/"},{"@type":"ListItem","position":2,"name":"Menu \u00e0 partir du 09 Avril 2024"}]},{"@type":"WebSite","@id":"https:\/\/lassietteaujardin.fr\/#website","url":"https:\/\/lassietteaujardin.fr\/","name":"L&#039;assiette au jardin | Restaurant \u00e0 Noirmoutier","description":"Restaurant sur l&#039;\u00eele de Noirmoutier","potentialAction":[{"@type":"SearchAction","target":{"@type":"EntryPoint","urlTemplate":"https:\/\/lassietteaujardin.fr\/?s={search_term_string}"},"query-input":{"@type":"PropertyValueSpecification","valueRequired":true,"valueName":"search_term_string"}}],"inLanguage":"fr-FR"},{"@type":"Person","@id":"https:\/\/lassietteaujardin.fr\/#\/schema\/person\/3bd0da5db54039c71fd324a7b881d533","name":"Dominique Soret","image":{"@type":"ImageObject","inLanguage":"fr-FR","@id":"https:\/\/lassietteaujardin.fr\/#\/schema\/person\/image\/","url":"https:\/\/secure.gravatar.com\/avatar\/5321391d931651b3f9d834aef3be79451a22cdaa9aa30b9456c4de73818c6716?s=96&d=mm&r=g","contentUrl":"https:\/\/secure.gravatar.com\/avatar\/5321391d931651b3f9d834aef3be79451a22cdaa9aa30b9456c4de73818c6716?s=96&d=mm&r=g","caption":"Dominique Soret"},"url":"https:\/\/lassietteaujardin.fr\/author\/dominique\/"}]}},"_links":{"self":[{"href":"https:\/\/lassietteaujardin.fr\/api\/wp\/v2\/posts\/1798","targetHints":{"allow":["GET"]}}],"collection":[{"href":"https:\/\/lassietteaujardin.fr\/api\/wp\/v2\/posts"}],"about":[{"href":"https:\/\/lassietteaujardin.fr\/api\/wp\/v2\/types\/post"}],"author":[{"embeddable":true,"href":"https:\/\/lassietteaujardin.fr\/api\/wp\/v2\/users\/2"}],"replies":[{"embeddable":true,"href":"https:\/\/lassietteaujardin.fr\/api\/wp\/v2\/comments?post=1798"}],"version-history":[{"count":6,"href":"https:\/\/lassietteaujardin.fr\/api\/wp\/v2\/posts\/1798\/revisions"}],"predecessor-version":[{"id":1807,"href":"https:\/\/lassietteaujardin.fr\/api\/wp\/v2\/posts\/1798\/revisions\/1807"}],"wp:featuredmedia":[{"embeddable":true,"href":"https:\/\/lassietteaujardin.fr\/api\/wp\/v2\/media\/252"}],"wp:attachment":[{"href":"https:\/\/lassietteaujardin.fr\/api\/wp\/v2\/media?parent=1798"}],"wp:term":[{"taxonomy":"category","embeddable":true,"href":"https:\/\/lassietteaujardin.fr\/api\/wp\/v2\/categories?post=1798"},{"taxonomy":"post_tag","embeddable":true,"href":"https:\/\/lassietteaujardin.fr\/api\/wp\/v2\/tags?post=1798"}],"curies":[{"name":"wp","href":"https:\/\/api.w.org\/{rel}","templated":true}]}}