{"id":2284,"date":"2025-12-04T12:50:18","date_gmt":"2025-12-04T11:50:18","guid":{"rendered":"https:\/\/lassietteaujardin.fr\/?p=2284"},"modified":"2025-12-04T19:17:35","modified_gmt":"2025-12-04T18:17:35","slug":"menu-de-la-saint-sylvestre-du-31-decembre-2025","status":"publish","type":"post","link":"https:\/\/lassietteaujardin.fr\/menu-de-la-saint-sylvestre-du-31-decembre-2025\/","title":{"rendered":"Menu de la Saint-Sylvestre du 31 D\u00e9cembre 2025"},"content":{"rendered":"<p>[et_pb_section fb_built=\u00a0\u00bb1&Prime; _builder_version=\u00a0\u00bb4.16&Prime; global_colors_info=\u00a0\u00bb{}\u00a0\u00bb][et_pb_row _builder_version=\u00a0\u00bb4.16&Prime; background_size=\u00a0\u00bbinitial\u00a0\u00bb background_position=\u00a0\u00bbtop_left\u00a0\u00bb background_repeat=\u00a0\u00bbrepeat\u00a0\u00bb global_colors_info=\u00a0\u00bb{}\u00a0\u00bb][et_pb_column type=\u00a0\u00bb4_4&Prime; _builder_version=\u00a0\u00bb4.16&Prime; custom_padding=\u00a0\u00bb|||\u00a0\u00bb global_colors_info=\u00a0\u00bb{}\u00a0\u00bb custom_padding__hover=\u00a0\u00bb|||\u00a0\u00bb][et_pb_text admin_label=\u00a0\u00bbArticle\u00a0\u00bb _builder_version=\u00a0\u00bb4.27.4&Prime; _module_preset=\u00a0\u00bbdefault\u00a0\u00bb hover_enabled=\u00a0\u00bb0&Prime; z_index_tablet=\u00a0\u00bb500&Prime; global_colors_info=\u00a0\u00bb{}\u00a0\u00bb sticky_enabled=\u00a0\u00bb0&Prime;]<\/p>\n<p>Menu <strong>115 euros par convive<br \/>Uniquement sur r\u00e9servation. 02 51 54 93 95<\/strong><strong><br \/><\/strong><\/p>\n<h2><img loading=\"lazy\" decoding=\"async\" class=\"-564 alignnone \" src=\"https:\/\/lassietteaujardin.fr\/storage\/2020\/02\/logo-bib-gourmand.jpg\" alt=\"\" width=\"82\" height=\"46\" \/><\/h2>\n<p class=\"p1\">Trio d\u2019amuse-bouche<br \/>Lassi de foie gras \u00e0 la rose<br \/>Croustade d\u2019anguille fum\u00e9e \u00e0 la groseille<br \/>Hu\u00eetre Fujiyama au caviar<\/p>\n<p>***<\/p>\n<p>Carpaccio de Saint-Jacques \u00e0 la truffe<\/p>\n<p>***<\/p>\n<p>Ormeaux en meurette<\/p>\n<p>***<\/p>\n<p>Demi-homard r\u00f4ti au beurre d\u2019estragon<\/p>\n<p>***<\/p>\n<p>Chou farci au pigeon, foie gras, truffe et farce fine<\/p>\n<p>***<\/p>\n<p>Brillat-Savarin \u00e0 la truffe<\/p>\n<p>***<\/p>\n<p>Saint-Honor\u00e9 de l\u2019an neuf<br \/>Mignardises<\/p>\n<p>&nbsp;<\/p>\n<p>&nbsp;<\/p>\n<p>[\/et_pb_text][\/et_pb_column][\/et_pb_row][\/et_pb_section]<\/p>\n","protected":false},"excerpt":{"rendered":"<p>Menu 115 euros par conviveUniquement sur r\u00e9servation. 02 51 54 93 95 Trio d\u2019amuse-boucheLassi de foie gras \u00e0 la roseCroustade d\u2019anguille fum\u00e9e \u00e0 la groseilleHu\u00eetre Fujiyama au caviar *** Carpaccio de Saint-Jacques \u00e0 la truffe *** Ormeaux en meurette *** Demi-homard r\u00f4ti au beurre d\u2019estragon *** Chou farci au pigeon, foie gras, truffe et farce [&hellip;]<\/p>\n","protected":false},"author":1,"featured_media":2297,"comment_status":"closed","ping_status":"closed","sticky":false,"template":"","format":"standard","meta":{"_et_pb_use_builder":"on","_et_pb_old_content":"<!-- wp:paragraph -->\r\n<p>Lorem ipsum dolor sit amet, consectetur adipisicing elit, sed do eiusmod tempor incididunt ut labore et dolore magna aliqua. Ut enim ad minim veniam, quis nostrud exercitation ullamco laboris nisi ut aliquip ex ea commodo consequat. Duis aute irure dolor in reprehenderit in voluptate velit esse cillum dolore eu fugiat nulla pariatur. Excepteur sint occaecat cupidatat non proident, sunt in culpa qui officia deserunt mollit anim id est laborum.<\/p>\r\n<!-- \/wp:paragraph -->","_et_gb_content_width":"","footnotes":""},"categories":[1],"tags":[],"class_list":["post-2284","post","type-post","status-publish","format-standard","has-post-thumbnail","hentry","category-non-classe"],"yoast_head":"<!-- This site is optimized with the Yoast SEO plugin v26.9 - https:\/\/yoast.com\/product\/yoast-seo-wordpress\/ -->\n<title>Menu de la Saint-Sylvestre du 31 D\u00e9cembre 2025 - L&#039;assiette au jardin | Restaurant \u00e0 Noirmoutier<\/title>\n<meta name=\"description\" content=\"Pour c\u00e9l\u00e9brer la fin d\u2019ann\u00e9e, d\u00e9couvrez une s\u00e9lection de mets d\u2019exception. Un d\u00eener pens\u00e9 pour offrir une exp\u00e9rience culinaire d\u2019exception.\" \/>\n<meta name=\"robots\" content=\"index, follow, max-snippet:-1, max-image-preview:large, max-video-preview:-1\" \/>\n<link rel=\"canonical\" href=\"https:\/\/lassietteaujardin.fr\/menu-de-la-saint-sylvestre-du-31-decembre-2025\/\" \/>\n<meta property=\"og:locale\" content=\"fr_FR\" \/>\n<meta property=\"og:type\" content=\"article\" \/>\n<meta property=\"og:title\" content=\"Menu de la Saint-Sylvestre du 31 D\u00e9cembre 2025 - L&#039;assiette au jardin | Restaurant \u00e0 Noirmoutier\" \/>\n<meta property=\"og:description\" content=\"Pour c\u00e9l\u00e9brer la fin d\u2019ann\u00e9e, d\u00e9couvrez une s\u00e9lection de mets d\u2019exception. Un d\u00eener pens\u00e9 pour offrir une exp\u00e9rience culinaire d\u2019exception.\" \/>\n<meta property=\"og:url\" content=\"https:\/\/lassietteaujardin.fr\/menu-de-la-saint-sylvestre-du-31-decembre-2025\/\" \/>\n<meta property=\"og:site_name\" content=\"L&#039;assiette au jardin | Restaurant \u00e0 Noirmoutier\" \/>\n<meta property=\"article:published_time\" content=\"2025-12-04T11:50:18+00:00\" \/>\n<meta property=\"article:modified_time\" content=\"2025-12-04T18:17:35+00:00\" \/>\n<meta property=\"og:image\" content=\"https:\/\/lassietteaujardin.fr\/wp-content\/uploads\/2025\/12\/cover-saint-sylvestre-2025-assiette-au-jardin.jpg\" \/>\n\t<meta property=\"og:image:width\" content=\"1080\" \/>\n\t<meta property=\"og:image:height\" content=\"469\" \/>\n\t<meta property=\"og:image:type\" content=\"image\/jpeg\" \/>\n<meta name=\"author\" content=\"admin-lassietteaujardin\" \/>\n<meta name=\"twitter:card\" content=\"summary_large_image\" \/>\n<meta name=\"twitter:label1\" content=\"\u00c9crit par\" \/>\n\t<meta name=\"twitter:data1\" content=\"admin-lassietteaujardin\" \/>\n\t<meta name=\"twitter:label2\" content=\"Dur\u00e9e de lecture estim\u00e9e\" \/>\n\t<meta name=\"twitter:data2\" content=\"1 minute\" \/>\n<script type=\"application\/ld+json\" class=\"yoast-schema-graph\">{\"@context\":\"https:\/\/schema.org\",\"@graph\":[{\"@type\":\"Article\",\"@id\":\"https:\/\/lassietteaujardin.fr\/menu-de-la-saint-sylvestre-du-31-decembre-2025\/#article\",\"isPartOf\":{\"@id\":\"https:\/\/lassietteaujardin.fr\/menu-de-la-saint-sylvestre-du-31-decembre-2025\/\"},\"author\":{\"name\":\"admin-lassietteaujardin\",\"@id\":\"https:\/\/lassietteaujardin.fr\/#\/schema\/person\/46c9ad113fd7f7948e4c008c4d4c6e8a\"},\"headline\":\"Menu de la Saint-Sylvestre du 31 D\u00e9cembre 2025\",\"datePublished\":\"2025-12-04T11:50:18+00:00\",\"dateModified\":\"2025-12-04T18:17:35+00:00\",\"mainEntityOfPage\":{\"@id\":\"https:\/\/lassietteaujardin.fr\/menu-de-la-saint-sylvestre-du-31-decembre-2025\/\"},\"wordCount\":142,\"image\":{\"@id\":\"https:\/\/lassietteaujardin.fr\/menu-de-la-saint-sylvestre-du-31-decembre-2025\/#primaryimage\"},\"thumbnailUrl\":\"https:\/\/lassietteaujardin.fr\/wp-content\/uploads\/2025\/12\/cover-saint-sylvestre-2025-assiette-au-jardin.jpg\",\"inLanguage\":\"fr-FR\"},{\"@type\":\"WebPage\",\"@id\":\"https:\/\/lassietteaujardin.fr\/menu-de-la-saint-sylvestre-du-31-decembre-2025\/\",\"url\":\"https:\/\/lassietteaujardin.fr\/menu-de-la-saint-sylvestre-du-31-decembre-2025\/\",\"name\":\"Menu de la Saint-Sylvestre du 31 D\u00e9cembre 2025 - L&#039;assiette au jardin | Restaurant \u00e0 Noirmoutier\",\"isPartOf\":{\"@id\":\"https:\/\/lassietteaujardin.fr\/#website\"},\"primaryImageOfPage\":{\"@id\":\"https:\/\/lassietteaujardin.fr\/menu-de-la-saint-sylvestre-du-31-decembre-2025\/#primaryimage\"},\"image\":{\"@id\":\"https:\/\/lassietteaujardin.fr\/menu-de-la-saint-sylvestre-du-31-decembre-2025\/#primaryimage\"},\"thumbnailUrl\":\"https:\/\/lassietteaujardin.fr\/wp-content\/uploads\/2025\/12\/cover-saint-sylvestre-2025-assiette-au-jardin.jpg\",\"datePublished\":\"2025-12-04T11:50:18+00:00\",\"dateModified\":\"2025-12-04T18:17:35+00:00\",\"author\":{\"@id\":\"https:\/\/lassietteaujardin.fr\/#\/schema\/person\/46c9ad113fd7f7948e4c008c4d4c6e8a\"},\"description\":\"Pour c\u00e9l\u00e9brer la fin d\u2019ann\u00e9e, d\u00e9couvrez une s\u00e9lection de mets d\u2019exception. Un d\u00eener pens\u00e9 pour offrir une exp\u00e9rience culinaire d\u2019exception.\",\"breadcrumb\":{\"@id\":\"https:\/\/lassietteaujardin.fr\/menu-de-la-saint-sylvestre-du-31-decembre-2025\/#breadcrumb\"},\"inLanguage\":\"fr-FR\",\"potentialAction\":[{\"@type\":\"ReadAction\",\"target\":[\"https:\/\/lassietteaujardin.fr\/menu-de-la-saint-sylvestre-du-31-decembre-2025\/\"]}]},{\"@type\":\"ImageObject\",\"inLanguage\":\"fr-FR\",\"@id\":\"https:\/\/lassietteaujardin.fr\/menu-de-la-saint-sylvestre-du-31-decembre-2025\/#primaryimage\",\"url\":\"https:\/\/lassietteaujardin.fr\/wp-content\/uploads\/2025\/12\/cover-saint-sylvestre-2025-assiette-au-jardin.jpg\",\"contentUrl\":\"https:\/\/lassietteaujardin.fr\/wp-content\/uploads\/2025\/12\/cover-saint-sylvestre-2025-assiette-au-jardin.jpg\",\"width\":1080,\"height\":469},{\"@type\":\"BreadcrumbList\",\"@id\":\"https:\/\/lassietteaujardin.fr\/menu-de-la-saint-sylvestre-du-31-decembre-2025\/#breadcrumb\",\"itemListElement\":[{\"@type\":\"ListItem\",\"position\":1,\"name\":\"Accueil\",\"item\":\"https:\/\/lassietteaujardin.fr\/\"},{\"@type\":\"ListItem\",\"position\":2,\"name\":\"Menu de la Saint-Sylvestre du 31 D\u00e9cembre 2025\"}]},{\"@type\":\"WebSite\",\"@id\":\"https:\/\/lassietteaujardin.fr\/#website\",\"url\":\"https:\/\/lassietteaujardin.fr\/\",\"name\":\"L&#039;assiette au jardin | Restaurant \u00e0 Noirmoutier\",\"description\":\"Restaurant sur l&#039;\u00eele de Noirmoutier\",\"potentialAction\":[{\"@type\":\"SearchAction\",\"target\":{\"@type\":\"EntryPoint\",\"urlTemplate\":\"https:\/\/lassietteaujardin.fr\/?s={search_term_string}\"},\"query-input\":{\"@type\":\"PropertyValueSpecification\",\"valueRequired\":true,\"valueName\":\"search_term_string\"}}],\"inLanguage\":\"fr-FR\"},{\"@type\":\"Person\",\"@id\":\"https:\/\/lassietteaujardin.fr\/#\/schema\/person\/46c9ad113fd7f7948e4c008c4d4c6e8a\",\"name\":\"admin-lassietteaujardin\",\"image\":{\"@type\":\"ImageObject\",\"inLanguage\":\"fr-FR\",\"@id\":\"https:\/\/lassietteaujardin.fr\/#\/schema\/person\/image\/\",\"url\":\"https:\/\/secure.gravatar.com\/avatar\/b7e7818f3bc4056d29730c8b49b56e37487cafa62e85d34ee719e66093981a2f?s=96&d=mm&r=g\",\"contentUrl\":\"https:\/\/secure.gravatar.com\/avatar\/b7e7818f3bc4056d29730c8b49b56e37487cafa62e85d34ee719e66093981a2f?s=96&d=mm&r=g\",\"caption\":\"admin-lassietteaujardin\"},\"url\":\"https:\/\/lassietteaujardin.fr\/author\/admin-lassietteaujardin\/\"}]}<\/script>\n<!-- \/ Yoast SEO plugin. -->","yoast_head_json":{"title":"Menu de la Saint-Sylvestre du 31 D\u00e9cembre 2025 - L&#039;assiette au jardin | Restaurant \u00e0 Noirmoutier","description":"Pour c\u00e9l\u00e9brer la fin d\u2019ann\u00e9e, d\u00e9couvrez une s\u00e9lection de mets d\u2019exception. Un d\u00eener pens\u00e9 pour offrir une exp\u00e9rience culinaire d\u2019exception.","robots":{"index":"index","follow":"follow","max-snippet":"max-snippet:-1","max-image-preview":"max-image-preview:large","max-video-preview":"max-video-preview:-1"},"canonical":"https:\/\/lassietteaujardin.fr\/menu-de-la-saint-sylvestre-du-31-decembre-2025\/","og_locale":"fr_FR","og_type":"article","og_title":"Menu de la Saint-Sylvestre du 31 D\u00e9cembre 2025 - L&#039;assiette au jardin | Restaurant \u00e0 Noirmoutier","og_description":"Pour c\u00e9l\u00e9brer la fin d\u2019ann\u00e9e, d\u00e9couvrez une s\u00e9lection de mets d\u2019exception. Un d\u00eener pens\u00e9 pour offrir une exp\u00e9rience culinaire d\u2019exception.","og_url":"https:\/\/lassietteaujardin.fr\/menu-de-la-saint-sylvestre-du-31-decembre-2025\/","og_site_name":"L&#039;assiette au jardin | Restaurant \u00e0 Noirmoutier","article_published_time":"2025-12-04T11:50:18+00:00","article_modified_time":"2025-12-04T18:17:35+00:00","og_image":[{"width":1080,"height":469,"url":"https:\/\/lassietteaujardin.fr\/wp-content\/uploads\/2025\/12\/cover-saint-sylvestre-2025-assiette-au-jardin.jpg","type":"image\/jpeg"}],"author":"admin-lassietteaujardin","twitter_card":"summary_large_image","twitter_misc":{"\u00c9crit par":"admin-lassietteaujardin","Dur\u00e9e de lecture estim\u00e9e":"1 minute"},"schema":{"@context":"https:\/\/schema.org","@graph":[{"@type":"Article","@id":"https:\/\/lassietteaujardin.fr\/menu-de-la-saint-sylvestre-du-31-decembre-2025\/#article","isPartOf":{"@id":"https:\/\/lassietteaujardin.fr\/menu-de-la-saint-sylvestre-du-31-decembre-2025\/"},"author":{"name":"admin-lassietteaujardin","@id":"https:\/\/lassietteaujardin.fr\/#\/schema\/person\/46c9ad113fd7f7948e4c008c4d4c6e8a"},"headline":"Menu de la Saint-Sylvestre du 31 D\u00e9cembre 2025","datePublished":"2025-12-04T11:50:18+00:00","dateModified":"2025-12-04T18:17:35+00:00","mainEntityOfPage":{"@id":"https:\/\/lassietteaujardin.fr\/menu-de-la-saint-sylvestre-du-31-decembre-2025\/"},"wordCount":142,"image":{"@id":"https:\/\/lassietteaujardin.fr\/menu-de-la-saint-sylvestre-du-31-decembre-2025\/#primaryimage"},"thumbnailUrl":"https:\/\/lassietteaujardin.fr\/wp-content\/uploads\/2025\/12\/cover-saint-sylvestre-2025-assiette-au-jardin.jpg","inLanguage":"fr-FR"},{"@type":"WebPage","@id":"https:\/\/lassietteaujardin.fr\/menu-de-la-saint-sylvestre-du-31-decembre-2025\/","url":"https:\/\/lassietteaujardin.fr\/menu-de-la-saint-sylvestre-du-31-decembre-2025\/","name":"Menu de la Saint-Sylvestre du 31 D\u00e9cembre 2025 - L&#039;assiette au jardin | Restaurant \u00e0 Noirmoutier","isPartOf":{"@id":"https:\/\/lassietteaujardin.fr\/#website"},"primaryImageOfPage":{"@id":"https:\/\/lassietteaujardin.fr\/menu-de-la-saint-sylvestre-du-31-decembre-2025\/#primaryimage"},"image":{"@id":"https:\/\/lassietteaujardin.fr\/menu-de-la-saint-sylvestre-du-31-decembre-2025\/#primaryimage"},"thumbnailUrl":"https:\/\/lassietteaujardin.fr\/wp-content\/uploads\/2025\/12\/cover-saint-sylvestre-2025-assiette-au-jardin.jpg","datePublished":"2025-12-04T11:50:18+00:00","dateModified":"2025-12-04T18:17:35+00:00","author":{"@id":"https:\/\/lassietteaujardin.fr\/#\/schema\/person\/46c9ad113fd7f7948e4c008c4d4c6e8a"},"description":"Pour c\u00e9l\u00e9brer la fin d\u2019ann\u00e9e, d\u00e9couvrez une s\u00e9lection de mets d\u2019exception. Un d\u00eener pens\u00e9 pour offrir une exp\u00e9rience culinaire d\u2019exception.","breadcrumb":{"@id":"https:\/\/lassietteaujardin.fr\/menu-de-la-saint-sylvestre-du-31-decembre-2025\/#breadcrumb"},"inLanguage":"fr-FR","potentialAction":[{"@type":"ReadAction","target":["https:\/\/lassietteaujardin.fr\/menu-de-la-saint-sylvestre-du-31-decembre-2025\/"]}]},{"@type":"ImageObject","inLanguage":"fr-FR","@id":"https:\/\/lassietteaujardin.fr\/menu-de-la-saint-sylvestre-du-31-decembre-2025\/#primaryimage","url":"https:\/\/lassietteaujardin.fr\/wp-content\/uploads\/2025\/12\/cover-saint-sylvestre-2025-assiette-au-jardin.jpg","contentUrl":"https:\/\/lassietteaujardin.fr\/wp-content\/uploads\/2025\/12\/cover-saint-sylvestre-2025-assiette-au-jardin.jpg","width":1080,"height":469},{"@type":"BreadcrumbList","@id":"https:\/\/lassietteaujardin.fr\/menu-de-la-saint-sylvestre-du-31-decembre-2025\/#breadcrumb","itemListElement":[{"@type":"ListItem","position":1,"name":"Accueil","item":"https:\/\/lassietteaujardin.fr\/"},{"@type":"ListItem","position":2,"name":"Menu de la Saint-Sylvestre du 31 D\u00e9cembre 2025"}]},{"@type":"WebSite","@id":"https:\/\/lassietteaujardin.fr\/#website","url":"https:\/\/lassietteaujardin.fr\/","name":"L&#039;assiette au jardin | Restaurant \u00e0 Noirmoutier","description":"Restaurant sur l&#039;\u00eele de Noirmoutier","potentialAction":[{"@type":"SearchAction","target":{"@type":"EntryPoint","urlTemplate":"https:\/\/lassietteaujardin.fr\/?s={search_term_string}"},"query-input":{"@type":"PropertyValueSpecification","valueRequired":true,"valueName":"search_term_string"}}],"inLanguage":"fr-FR"},{"@type":"Person","@id":"https:\/\/lassietteaujardin.fr\/#\/schema\/person\/46c9ad113fd7f7948e4c008c4d4c6e8a","name":"admin-lassietteaujardin","image":{"@type":"ImageObject","inLanguage":"fr-FR","@id":"https:\/\/lassietteaujardin.fr\/#\/schema\/person\/image\/","url":"https:\/\/secure.gravatar.com\/avatar\/b7e7818f3bc4056d29730c8b49b56e37487cafa62e85d34ee719e66093981a2f?s=96&d=mm&r=g","contentUrl":"https:\/\/secure.gravatar.com\/avatar\/b7e7818f3bc4056d29730c8b49b56e37487cafa62e85d34ee719e66093981a2f?s=96&d=mm&r=g","caption":"admin-lassietteaujardin"},"url":"https:\/\/lassietteaujardin.fr\/author\/admin-lassietteaujardin\/"}]}},"_links":{"self":[{"href":"https:\/\/lassietteaujardin.fr\/api\/wp\/v2\/posts\/2284","targetHints":{"allow":["GET"]}}],"collection":[{"href":"https:\/\/lassietteaujardin.fr\/api\/wp\/v2\/posts"}],"about":[{"href":"https:\/\/lassietteaujardin.fr\/api\/wp\/v2\/types\/post"}],"author":[{"embeddable":true,"href":"https:\/\/lassietteaujardin.fr\/api\/wp\/v2\/users\/1"}],"replies":[{"embeddable":true,"href":"https:\/\/lassietteaujardin.fr\/api\/wp\/v2\/comments?post=2284"}],"version-history":[{"count":11,"href":"https:\/\/lassietteaujardin.fr\/api\/wp\/v2\/posts\/2284\/revisions"}],"predecessor-version":[{"id":2302,"href":"https:\/\/lassietteaujardin.fr\/api\/wp\/v2\/posts\/2284\/revisions\/2302"}],"wp:featuredmedia":[{"embeddable":true,"href":"https:\/\/lassietteaujardin.fr\/api\/wp\/v2\/media\/2297"}],"wp:attachment":[{"href":"https:\/\/lassietteaujardin.fr\/api\/wp\/v2\/media?parent=2284"}],"wp:term":[{"taxonomy":"category","embeddable":true,"href":"https:\/\/lassietteaujardin.fr\/api\/wp\/v2\/categories?post=2284"},{"taxonomy":"post_tag","embeddable":true,"href":"https:\/\/lassietteaujardin.fr\/api\/wp\/v2\/tags?post=2284"}],"curies":[{"name":"wp","href":"https:\/\/api.w.org\/{rel}","templated":true}]}}