{"id":631,"date":"2020-06-01T17:22:39","date_gmt":"2020-06-01T15:22:39","guid":{"rendered":"https:\/\/lassietteaujardin.fr\/?p=631"},"modified":"2020-06-02T10:18:25","modified_gmt":"2020-06-02T08:18:25","slug":"menu-a-partir-du-2-juin","status":"publish","type":"post","link":"https:\/\/lassietteaujardin.fr\/menu-a-partir-du-2-juin\/","title":{"rendered":"Menu \u00e0 partir du 2 juin"},"content":{"rendered":"<p>[et_pb_section fb_built=\u00a0\u00bb1&Prime; _builder_version=\u00a0\u00bb3.22&Prime;][et_pb_row _builder_version=\u00a0\u00bb4.0.11&Prime; background_size=\u00a0\u00bbinitial\u00a0\u00bb background_position=\u00a0\u00bbtop_left\u00a0\u00bb background_repeat=\u00a0\u00bbrepeat\u00a0\u00bb][et_pb_column type=\u00a0\u00bb4_4&Prime; _builder_version=\u00a0\u00bb3.25&Prime; custom_padding=\u00a0\u00bb|||\u00a0\u00bb custom_padding__hover=\u00a0\u00bb|||\u00a0\u00bb][et_pb_text admin_label=\u00a0\u00bbArticle\u00a0\u00bb _builder_version=\u00a0\u00bb4.3.4&Prime; hover_enabled=\u00a0\u00bb0&Prime; z_index_tablet=\u00a0\u00bb500&Prime;]<\/p>\n<h1>Nouveau menu pour ce d\u00e9but du mois de Juin<\/h1>\n<p>Menu &#8211; <strong>33 euros &#8211; entr\u00e9e, plat, dessert<\/strong><\/p>\n<h2>Entr\u00e9es<\/h2>\n<p>L\u2019hu\u00eetre Fujiyama : Tartare d\u2019hu\u00eetres aux fruits de la passion, Kakigori de bouillon dashi au vinaigre de cerisier fum\u00e9 et grenade, chantilly au wasabi, feuilles de cerisier<br \/>Le petit maquereau juste au sel : Cerise fra\u00eeche et \u00e0 l\u2019aigre doux, gel\u00e9e et tartare de concombre, nuage de lait d\u2019amande au poivre blanc sauvage de Madagascar<br \/>Tendres beignets de coeur de ris de veau : Mayonnaise \u00e0 l\u2019ail noir, petites pousses \u00e0 la vinaigrette pralin\u00e9, acidul\u00e9 de pomme et poire + 3 euros<\/p>\n<h2>Plats<\/h2>\n<p>Dos de cabillaud : Petits pois, f\u00e8ves et asperges \u00e0 l\u2019estragon, \u00e9mulsion au lait Ribot<br \/>Homard bleu, fregola sarda et jus de carcasse cors\u00e9<br \/>La Grosse entrec\u00f4te normande + 4 euros : Marinade et sauce Chimichurri, Pomme de terre de Noirmoutier \u00e0 la su\u00e9doise, Confit de tomates et poivrons<\/p>\n<h2>Desserts<\/h2>\n<p>Le myst\u00e8re chaud froid cacao. Vous imaginiez que l\u2019on allait vous en dire plus\u00a0?<br \/>La tartelette aux fraises de Vend\u00e9e, cr\u00e8me l\u00e9g\u00e8re \u00e0 la pistache<br \/>Notre Tatin de mangue fra\u00eeche au caramel de citron vert<br \/>L\u2019assiette de fromages de la Cr\u00e9merie, fromagerie de la Pr\u00e9e aux Ducs +3 euros<\/p>\n<p>&nbsp;<\/p>\n<p>[\/et_pb_text][\/et_pb_column][\/et_pb_row][\/et_pb_section]<\/p>\n","protected":false},"excerpt":{"rendered":"<p>Nouveau menu pour ce d\u00e9but du mois de Juin Menu &#8211; 33 euros &#8211; entr\u00e9e, plat, dessert Entr\u00e9es L\u2019hu\u00eetre Fujiyama : Tartare d\u2019hu\u00eetres aux fruits de la passion, Kakigori de bouillon dashi au vinaigre de cerisier fum\u00e9 et grenade, chantilly au wasabi, feuilles de cerisierLe petit maquereau juste au sel : Cerise fra\u00eeche et \u00e0 [&hellip;]<\/p>\n","protected":false},"author":1,"featured_media":252,"comment_status":"closed","ping_status":"closed","sticky":false,"template":"","format":"standard","meta":{"_et_pb_use_builder":"on","_et_pb_old_content":"<!-- wp:paragraph -->\r\n<p>Lorem ipsum dolor sit amet, consectetur adipisicing elit, sed do eiusmod tempor incididunt ut labore et dolore magna aliqua. Ut enim ad minim veniam, quis nostrud exercitation ullamco laboris nisi ut aliquip ex ea commodo consequat. Duis aute irure dolor in reprehenderit in voluptate velit esse cillum dolore eu fugiat nulla pariatur. Excepteur sint occaecat cupidatat non proident, sunt in culpa qui officia deserunt mollit anim id est laborum.<\/p>\r\n<!-- \/wp:paragraph -->","_et_gb_content_width":"","footnotes":""},"categories":[1],"tags":[],"class_list":["post-631","post","type-post","status-publish","format-standard","has-post-thumbnail","hentry","category-non-classe"],"yoast_head":"<!-- This site is optimized with the Yoast SEO plugin v26.9 - https:\/\/yoast.com\/product\/yoast-seo-wordpress\/ -->\n<title>Menu \u00e0 partir du 2 juin - L&#039;assiette au jardin | Restaurant \u00e0 Noirmoutier<\/title>\n<meta name=\"robots\" content=\"index, follow, max-snippet:-1, max-image-preview:large, max-video-preview:-1\" \/>\n<link rel=\"canonical\" href=\"https:\/\/lassietteaujardin.fr\/menu-a-partir-du-2-juin\/\" \/>\n<meta property=\"og:locale\" content=\"fr_FR\" \/>\n<meta property=\"og:type\" content=\"article\" \/>\n<meta property=\"og:title\" content=\"Menu \u00e0 partir du 2 juin - L&#039;assiette au jardin | Restaurant \u00e0 Noirmoutier\" \/>\n<meta property=\"og:description\" content=\"Nouveau menu pour ce d\u00e9but du mois de Juin Menu - 33 euros - entr\u00e9e, plat, dessert Entr\u00e9es L\u2019hu\u00eetre Fujiyama : Tartare d\u2019hu\u00eetres aux fruits de la passion, Kakigori de bouillon dashi au vinaigre de cerisier fum\u00e9 et grenade, chantilly au wasabi, feuilles de cerisierLe petit maquereau juste au sel : Cerise fra\u00eeche et \u00e0 [&hellip;]\" \/>\n<meta property=\"og:url\" content=\"https:\/\/lassietteaujardin.fr\/menu-a-partir-du-2-juin\/\" \/>\n<meta property=\"og:site_name\" content=\"L&#039;assiette au jardin | Restaurant \u00e0 Noirmoutier\" \/>\n<meta property=\"article:published_time\" content=\"2020-06-01T15:22:39+00:00\" \/>\n<meta property=\"article:modified_time\" content=\"2020-06-02T08:18:25+00:00\" \/>\n<meta property=\"og:image\" content=\"https:\/\/lassietteaujardin.fr\/wp-content\/uploads\/2019\/04\/cover-restaurant-assiette-au-jardin.jpg\" \/>\n\t<meta property=\"og:image:width\" content=\"1440\" \/>\n\t<meta property=\"og:image:height\" content=\"469\" \/>\n\t<meta property=\"og:image:type\" content=\"image\/jpeg\" \/>\n<meta name=\"author\" content=\"admin-lassietteaujardin\" \/>\n<meta name=\"twitter:card\" content=\"summary_large_image\" \/>\n<meta name=\"twitter:label1\" content=\"\u00c9crit par\" \/>\n\t<meta name=\"twitter:data1\" content=\"admin-lassietteaujardin\" \/>\n\t<meta name=\"twitter:label2\" content=\"Dur\u00e9e de lecture estim\u00e9e\" \/>\n\t<meta name=\"twitter:data2\" content=\"1 minute\" \/>\n<script type=\"application\/ld+json\" class=\"yoast-schema-graph\">{\"@context\":\"https:\/\/schema.org\",\"@graph\":[{\"@type\":\"Article\",\"@id\":\"https:\/\/lassietteaujardin.fr\/menu-a-partir-du-2-juin\/#article\",\"isPartOf\":{\"@id\":\"https:\/\/lassietteaujardin.fr\/menu-a-partir-du-2-juin\/\"},\"author\":{\"name\":\"admin-lassietteaujardin\",\"@id\":\"https:\/\/lassietteaujardin.fr\/#\/schema\/person\/46c9ad113fd7f7948e4c008c4d4c6e8a\"},\"headline\":\"Menu \u00e0 partir du 2 juin\",\"datePublished\":\"2020-06-01T15:22:39+00:00\",\"dateModified\":\"2020-06-02T08:18:25+00:00\",\"mainEntityOfPage\":{\"@id\":\"https:\/\/lassietteaujardin.fr\/menu-a-partir-du-2-juin\/\"},\"wordCount\":267,\"image\":{\"@id\":\"https:\/\/lassietteaujardin.fr\/menu-a-partir-du-2-juin\/#primaryimage\"},\"thumbnailUrl\":\"https:\/\/lassietteaujardin.fr\/wp-content\/uploads\/2019\/04\/cover-restaurant-assiette-au-jardin.jpg\",\"inLanguage\":\"fr-FR\"},{\"@type\":\"WebPage\",\"@id\":\"https:\/\/lassietteaujardin.fr\/menu-a-partir-du-2-juin\/\",\"url\":\"https:\/\/lassietteaujardin.fr\/menu-a-partir-du-2-juin\/\",\"name\":\"Menu \u00e0 partir du 2 juin - L&#039;assiette au jardin | Restaurant \u00e0 Noirmoutier\",\"isPartOf\":{\"@id\":\"https:\/\/lassietteaujardin.fr\/#website\"},\"primaryImageOfPage\":{\"@id\":\"https:\/\/lassietteaujardin.fr\/menu-a-partir-du-2-juin\/#primaryimage\"},\"image\":{\"@id\":\"https:\/\/lassietteaujardin.fr\/menu-a-partir-du-2-juin\/#primaryimage\"},\"thumbnailUrl\":\"https:\/\/lassietteaujardin.fr\/wp-content\/uploads\/2019\/04\/cover-restaurant-assiette-au-jardin.jpg\",\"datePublished\":\"2020-06-01T15:22:39+00:00\",\"dateModified\":\"2020-06-02T08:18:25+00:00\",\"author\":{\"@id\":\"https:\/\/lassietteaujardin.fr\/#\/schema\/person\/46c9ad113fd7f7948e4c008c4d4c6e8a\"},\"breadcrumb\":{\"@id\":\"https:\/\/lassietteaujardin.fr\/menu-a-partir-du-2-juin\/#breadcrumb\"},\"inLanguage\":\"fr-FR\",\"potentialAction\":[{\"@type\":\"ReadAction\",\"target\":[\"https:\/\/lassietteaujardin.fr\/menu-a-partir-du-2-juin\/\"]}]},{\"@type\":\"ImageObject\",\"inLanguage\":\"fr-FR\",\"@id\":\"https:\/\/lassietteaujardin.fr\/menu-a-partir-du-2-juin\/#primaryimage\",\"url\":\"https:\/\/lassietteaujardin.fr\/wp-content\/uploads\/2019\/04\/cover-restaurant-assiette-au-jardin.jpg\",\"contentUrl\":\"https:\/\/lassietteaujardin.fr\/wp-content\/uploads\/2019\/04\/cover-restaurant-assiette-au-jardin.jpg\",\"width\":1440,\"height\":469},{\"@type\":\"BreadcrumbList\",\"@id\":\"https:\/\/lassietteaujardin.fr\/menu-a-partir-du-2-juin\/#breadcrumb\",\"itemListElement\":[{\"@type\":\"ListItem\",\"position\":1,\"name\":\"Accueil\",\"item\":\"https:\/\/lassietteaujardin.fr\/\"},{\"@type\":\"ListItem\",\"position\":2,\"name\":\"Menu \u00e0 partir du 2 juin\"}]},{\"@type\":\"WebSite\",\"@id\":\"https:\/\/lassietteaujardin.fr\/#website\",\"url\":\"https:\/\/lassietteaujardin.fr\/\",\"name\":\"L&#039;assiette au jardin | Restaurant \u00e0 Noirmoutier\",\"description\":\"Restaurant sur l&#039;\u00eele de Noirmoutier\",\"potentialAction\":[{\"@type\":\"SearchAction\",\"target\":{\"@type\":\"EntryPoint\",\"urlTemplate\":\"https:\/\/lassietteaujardin.fr\/?s={search_term_string}\"},\"query-input\":{\"@type\":\"PropertyValueSpecification\",\"valueRequired\":true,\"valueName\":\"search_term_string\"}}],\"inLanguage\":\"fr-FR\"},{\"@type\":\"Person\",\"@id\":\"https:\/\/lassietteaujardin.fr\/#\/schema\/person\/46c9ad113fd7f7948e4c008c4d4c6e8a\",\"name\":\"admin-lassietteaujardin\",\"image\":{\"@type\":\"ImageObject\",\"inLanguage\":\"fr-FR\",\"@id\":\"https:\/\/lassietteaujardin.fr\/#\/schema\/person\/image\/\",\"url\":\"https:\/\/secure.gravatar.com\/avatar\/b7e7818f3bc4056d29730c8b49b56e37487cafa62e85d34ee719e66093981a2f?s=96&d=mm&r=g\",\"contentUrl\":\"https:\/\/secure.gravatar.com\/avatar\/b7e7818f3bc4056d29730c8b49b56e37487cafa62e85d34ee719e66093981a2f?s=96&d=mm&r=g\",\"caption\":\"admin-lassietteaujardin\"},\"url\":\"https:\/\/lassietteaujardin.fr\/author\/admin-lassietteaujardin\/\"}]}<\/script>\n<!-- \/ Yoast SEO plugin. -->","yoast_head_json":{"title":"Menu \u00e0 partir du 2 juin - L&#039;assiette au jardin | Restaurant \u00e0 Noirmoutier","robots":{"index":"index","follow":"follow","max-snippet":"max-snippet:-1","max-image-preview":"max-image-preview:large","max-video-preview":"max-video-preview:-1"},"canonical":"https:\/\/lassietteaujardin.fr\/menu-a-partir-du-2-juin\/","og_locale":"fr_FR","og_type":"article","og_title":"Menu \u00e0 partir du 2 juin - L&#039;assiette au jardin | Restaurant \u00e0 Noirmoutier","og_description":"Nouveau menu pour ce d\u00e9but du mois de Juin Menu - 33 euros - entr\u00e9e, plat, dessert Entr\u00e9es L\u2019hu\u00eetre Fujiyama : Tartare d\u2019hu\u00eetres aux fruits de la passion, Kakigori de bouillon dashi au vinaigre de cerisier fum\u00e9 et grenade, chantilly au wasabi, feuilles de cerisierLe petit maquereau juste au sel : Cerise fra\u00eeche et \u00e0 [&hellip;]","og_url":"https:\/\/lassietteaujardin.fr\/menu-a-partir-du-2-juin\/","og_site_name":"L&#039;assiette au jardin | Restaurant \u00e0 Noirmoutier","article_published_time":"2020-06-01T15:22:39+00:00","article_modified_time":"2020-06-02T08:18:25+00:00","og_image":[{"width":1440,"height":469,"url":"https:\/\/lassietteaujardin.fr\/wp-content\/uploads\/2019\/04\/cover-restaurant-assiette-au-jardin.jpg","type":"image\/jpeg"}],"author":"admin-lassietteaujardin","twitter_card":"summary_large_image","twitter_misc":{"\u00c9crit par":"admin-lassietteaujardin","Dur\u00e9e de lecture estim\u00e9e":"1 minute"},"schema":{"@context":"https:\/\/schema.org","@graph":[{"@type":"Article","@id":"https:\/\/lassietteaujardin.fr\/menu-a-partir-du-2-juin\/#article","isPartOf":{"@id":"https:\/\/lassietteaujardin.fr\/menu-a-partir-du-2-juin\/"},"author":{"name":"admin-lassietteaujardin","@id":"https:\/\/lassietteaujardin.fr\/#\/schema\/person\/46c9ad113fd7f7948e4c008c4d4c6e8a"},"headline":"Menu \u00e0 partir du 2 juin","datePublished":"2020-06-01T15:22:39+00:00","dateModified":"2020-06-02T08:18:25+00:00","mainEntityOfPage":{"@id":"https:\/\/lassietteaujardin.fr\/menu-a-partir-du-2-juin\/"},"wordCount":267,"image":{"@id":"https:\/\/lassietteaujardin.fr\/menu-a-partir-du-2-juin\/#primaryimage"},"thumbnailUrl":"https:\/\/lassietteaujardin.fr\/wp-content\/uploads\/2019\/04\/cover-restaurant-assiette-au-jardin.jpg","inLanguage":"fr-FR"},{"@type":"WebPage","@id":"https:\/\/lassietteaujardin.fr\/menu-a-partir-du-2-juin\/","url":"https:\/\/lassietteaujardin.fr\/menu-a-partir-du-2-juin\/","name":"Menu \u00e0 partir du 2 juin - L&#039;assiette au jardin | Restaurant \u00e0 Noirmoutier","isPartOf":{"@id":"https:\/\/lassietteaujardin.fr\/#website"},"primaryImageOfPage":{"@id":"https:\/\/lassietteaujardin.fr\/menu-a-partir-du-2-juin\/#primaryimage"},"image":{"@id":"https:\/\/lassietteaujardin.fr\/menu-a-partir-du-2-juin\/#primaryimage"},"thumbnailUrl":"https:\/\/lassietteaujardin.fr\/wp-content\/uploads\/2019\/04\/cover-restaurant-assiette-au-jardin.jpg","datePublished":"2020-06-01T15:22:39+00:00","dateModified":"2020-06-02T08:18:25+00:00","author":{"@id":"https:\/\/lassietteaujardin.fr\/#\/schema\/person\/46c9ad113fd7f7948e4c008c4d4c6e8a"},"breadcrumb":{"@id":"https:\/\/lassietteaujardin.fr\/menu-a-partir-du-2-juin\/#breadcrumb"},"inLanguage":"fr-FR","potentialAction":[{"@type":"ReadAction","target":["https:\/\/lassietteaujardin.fr\/menu-a-partir-du-2-juin\/"]}]},{"@type":"ImageObject","inLanguage":"fr-FR","@id":"https:\/\/lassietteaujardin.fr\/menu-a-partir-du-2-juin\/#primaryimage","url":"https:\/\/lassietteaujardin.fr\/wp-content\/uploads\/2019\/04\/cover-restaurant-assiette-au-jardin.jpg","contentUrl":"https:\/\/lassietteaujardin.fr\/wp-content\/uploads\/2019\/04\/cover-restaurant-assiette-au-jardin.jpg","width":1440,"height":469},{"@type":"BreadcrumbList","@id":"https:\/\/lassietteaujardin.fr\/menu-a-partir-du-2-juin\/#breadcrumb","itemListElement":[{"@type":"ListItem","position":1,"name":"Accueil","item":"https:\/\/lassietteaujardin.fr\/"},{"@type":"ListItem","position":2,"name":"Menu \u00e0 partir du 2 juin"}]},{"@type":"WebSite","@id":"https:\/\/lassietteaujardin.fr\/#website","url":"https:\/\/lassietteaujardin.fr\/","name":"L&#039;assiette au jardin | Restaurant \u00e0 Noirmoutier","description":"Restaurant sur l&#039;\u00eele de Noirmoutier","potentialAction":[{"@type":"SearchAction","target":{"@type":"EntryPoint","urlTemplate":"https:\/\/lassietteaujardin.fr\/?s={search_term_string}"},"query-input":{"@type":"PropertyValueSpecification","valueRequired":true,"valueName":"search_term_string"}}],"inLanguage":"fr-FR"},{"@type":"Person","@id":"https:\/\/lassietteaujardin.fr\/#\/schema\/person\/46c9ad113fd7f7948e4c008c4d4c6e8a","name":"admin-lassietteaujardin","image":{"@type":"ImageObject","inLanguage":"fr-FR","@id":"https:\/\/lassietteaujardin.fr\/#\/schema\/person\/image\/","url":"https:\/\/secure.gravatar.com\/avatar\/b7e7818f3bc4056d29730c8b49b56e37487cafa62e85d34ee719e66093981a2f?s=96&d=mm&r=g","contentUrl":"https:\/\/secure.gravatar.com\/avatar\/b7e7818f3bc4056d29730c8b49b56e37487cafa62e85d34ee719e66093981a2f?s=96&d=mm&r=g","caption":"admin-lassietteaujardin"},"url":"https:\/\/lassietteaujardin.fr\/author\/admin-lassietteaujardin\/"}]}},"_links":{"self":[{"href":"https:\/\/lassietteaujardin.fr\/api\/wp\/v2\/posts\/631","targetHints":{"allow":["GET"]}}],"collection":[{"href":"https:\/\/lassietteaujardin.fr\/api\/wp\/v2\/posts"}],"about":[{"href":"https:\/\/lassietteaujardin.fr\/api\/wp\/v2\/types\/post"}],"author":[{"embeddable":true,"href":"https:\/\/lassietteaujardin.fr\/api\/wp\/v2\/users\/1"}],"replies":[{"embeddable":true,"href":"https:\/\/lassietteaujardin.fr\/api\/wp\/v2\/comments?post=631"}],"version-history":[{"count":8,"href":"https:\/\/lassietteaujardin.fr\/api\/wp\/v2\/posts\/631\/revisions"}],"predecessor-version":[{"id":646,"href":"https:\/\/lassietteaujardin.fr\/api\/wp\/v2\/posts\/631\/revisions\/646"}],"wp:featuredmedia":[{"embeddable":true,"href":"https:\/\/lassietteaujardin.fr\/api\/wp\/v2\/media\/252"}],"wp:attachment":[{"href":"https:\/\/lassietteaujardin.fr\/api\/wp\/v2\/media?parent=631"}],"wp:term":[{"taxonomy":"category","embeddable":true,"href":"https:\/\/lassietteaujardin.fr\/api\/wp\/v2\/categories?post=631"},{"taxonomy":"post_tag","embeddable":true,"href":"https:\/\/lassietteaujardin.fr\/api\/wp\/v2\/tags?post=631"}],"curies":[{"name":"wp","href":"https:\/\/api.w.org\/{rel}","templated":true}]}}