{"id":674,"date":"2020-07-08T09:48:49","date_gmt":"2020-07-08T07:48:49","guid":{"rendered":"https:\/\/lassietteaujardin.fr\/?p=674"},"modified":"2020-07-08T09:50:07","modified_gmt":"2020-07-08T07:50:07","slug":"nouveau-menu-jusquau-17-juillet","status":"publish","type":"post","link":"https:\/\/lassietteaujardin.fr\/nouveau-menu-jusquau-17-juillet\/","title":{"rendered":"Nouveau menu jusqu&rsquo;au 17 juillet !"},"content":{"rendered":"<p>[et_pb_section fb_built=\u00a0\u00bb1&Prime; _builder_version=\u00a0\u00bb3.22&Prime;][et_pb_row _builder_version=\u00a0\u00bb4.0.11&Prime; background_size=\u00a0\u00bbinitial\u00a0\u00bb background_position=\u00a0\u00bbtop_left\u00a0\u00bb background_repeat=\u00a0\u00bbrepeat\u00a0\u00bb][et_pb_column type=\u00a0\u00bb4_4&Prime; _builder_version=\u00a0\u00bb3.25&Prime; custom_padding=\u00a0\u00bb|||\u00a0\u00bb custom_padding__hover=\u00a0\u00bb|||\u00a0\u00bb][et_pb_text admin_label=\u00a0\u00bbArticle\u00a0\u00bb _builder_version=\u00a0\u00bb4.4.8&Prime; z_index_tablet=\u00a0\u00bb500&Prime;]<\/p>\n<h1>Un nouveau menu jusqu&rsquo;au 17 juillet !<\/h1>\n<p>Menu <strong>33 euros &#8211; entr\u00e9e, plat, dessert<br \/><\/strong>Menu<strong> 27 euros &#8211; entr\u00e9e, plat\u00a0<br \/><\/strong>Menu<strong> 30 euros &#8211; plat, dessert<br \/><\/strong>Le menu du petit gastronome ( jusqu&rsquo;\u00e0 10 ans)<strong> 15 euros<br \/><\/strong><\/p>\n<h2>Entr\u00e9es<\/h2>\n<p>Hu\u00eetre Fujiyama, hu\u00eetre naturelle de Raymond Kadem en tartare aux fruits de la passion, kakigori de bouillon dashi au vinaigre fum\u00e9, chantilly au wasabi, feuilles de cerisier<br \/>Gaspacho de petits pois, petits cro\u00fbtons et f\u00eata<br \/>Sardines \u00e0 l&rsquo;escab\u00e8che<\/p>\n<h2>Plats<\/h2>\n<p>Turbot retour des Indes ( \u00e9levage de Noirmoutier label rouge), aubergine pan\u00e9e, cr\u00e8me de poivrons, riz noir v\u00e9n\u00e9r\u00e9 (Suppl. 4 euros )<br \/>Tartare de thon Albacore sauce canaille, pommes Dauphine, salade de petites pousses vinaigrette \u00e0 la grenade<br \/>Filet de canette \u00e0 l&rsquo;aigre doux et son kefta, carotte r\u00f4tie, pur\u00e9e de patates douces \u00e0 la cannelle<\/p>\n<h2>Desserts<\/h2>\n<p>Pavlova aux fruits rouges, chantilly \u00e0 la vanille<br \/>Ananas r\u00f4ti, sorbet coco&#8230; le petit verre de rhum du tonneau en sus 2cl\u00a0: 3 euros<br \/>La tarte trop\u00e9zienne \u00e0 la fleur d&rsquo;oranger<br \/>L&rsquo;assiette de fromages (Suppl\u00e9ment 3 euros )<\/p>\n<p>&nbsp;<\/p>\n<p>[\/et_pb_text][\/et_pb_column][\/et_pb_row][\/et_pb_section]<\/p>\n","protected":false},"excerpt":{"rendered":"<p>Un nouveau menu jusqu&rsquo;au 17 juillet ! Menu 33 euros &#8211; entr\u00e9e, plat, dessertMenu 27 euros &#8211; entr\u00e9e, plat\u00a0Menu 30 euros &#8211; plat, dessertLe menu du petit gastronome ( jusqu&rsquo;\u00e0 10 ans) 15 euros Entr\u00e9es Hu\u00eetre Fujiyama, hu\u00eetre naturelle de Raymond Kadem en tartare aux fruits de la passion, kakigori de bouillon dashi au vinaigre [&hellip;]<\/p>\n","protected":false},"author":1,"featured_media":252,"comment_status":"closed","ping_status":"closed","sticky":false,"template":"","format":"standard","meta":{"_et_pb_use_builder":"on","_et_pb_old_content":"<!-- wp:paragraph -->\r\n<p>Lorem ipsum dolor sit amet, consectetur adipisicing elit, sed do eiusmod tempor incididunt ut labore et dolore magna aliqua. Ut enim ad minim veniam, quis nostrud exercitation ullamco laboris nisi ut aliquip ex ea commodo consequat. Duis aute irure dolor in reprehenderit in voluptate velit esse cillum dolore eu fugiat nulla pariatur. Excepteur sint occaecat cupidatat non proident, sunt in culpa qui officia deserunt mollit anim id est laborum.<\/p>\r\n<!-- \/wp:paragraph -->","_et_gb_content_width":"","footnotes":""},"categories":[1],"tags":[],"class_list":["post-674","post","type-post","status-publish","format-standard","has-post-thumbnail","hentry","category-non-classe"],"yoast_head":"<!-- This site is optimized with the Yoast SEO plugin v26.9 - https:\/\/yoast.com\/product\/yoast-seo-wordpress\/ -->\n<title>Nouveau menu jusqu&#039;au 17 juillet ! - L&#039;assiette au jardin | Restaurant \u00e0 Noirmoutier<\/title>\n<meta name=\"robots\" content=\"index, follow, max-snippet:-1, max-image-preview:large, max-video-preview:-1\" \/>\n<link rel=\"canonical\" href=\"https:\/\/lassietteaujardin.fr\/nouveau-menu-jusquau-17-juillet\/\" \/>\n<meta property=\"og:locale\" content=\"fr_FR\" \/>\n<meta property=\"og:type\" content=\"article\" \/>\n<meta property=\"og:title\" content=\"Nouveau menu jusqu&#039;au 17 juillet ! - L&#039;assiette au jardin | Restaurant \u00e0 Noirmoutier\" \/>\n<meta property=\"og:description\" content=\"Un nouveau menu jusqu&#039;au 17 juillet ! Menu 33 euros - entr\u00e9e, plat, dessertMenu 27 euros - entr\u00e9e, plat\u00a0Menu 30 euros - plat, dessertLe menu du petit gastronome ( jusqu&#039;\u00e0 10 ans) 15 euros Entr\u00e9es Hu\u00eetre Fujiyama, hu\u00eetre naturelle de Raymond Kadem en tartare aux fruits de la passion, kakigori de bouillon dashi au vinaigre [&hellip;]\" \/>\n<meta property=\"og:url\" content=\"https:\/\/lassietteaujardin.fr\/nouveau-menu-jusquau-17-juillet\/\" \/>\n<meta property=\"og:site_name\" content=\"L&#039;assiette au jardin | Restaurant \u00e0 Noirmoutier\" \/>\n<meta property=\"article:published_time\" content=\"2020-07-08T07:48:49+00:00\" \/>\n<meta property=\"article:modified_time\" content=\"2020-07-08T07:50:07+00:00\" \/>\n<meta property=\"og:image\" content=\"https:\/\/lassietteaujardin.fr\/wp-content\/uploads\/2019\/04\/cover-restaurant-assiette-au-jardin.jpg\" \/>\n\t<meta property=\"og:image:width\" content=\"1440\" \/>\n\t<meta property=\"og:image:height\" content=\"469\" \/>\n\t<meta property=\"og:image:type\" content=\"image\/jpeg\" \/>\n<meta name=\"author\" content=\"admin-lassietteaujardin\" \/>\n<meta name=\"twitter:card\" content=\"summary_large_image\" \/>\n<meta name=\"twitter:label1\" content=\"\u00c9crit par\" \/>\n\t<meta name=\"twitter:data1\" content=\"admin-lassietteaujardin\" \/>\n\t<meta name=\"twitter:label2\" content=\"Dur\u00e9e de lecture estim\u00e9e\" \/>\n\t<meta name=\"twitter:data2\" content=\"1 minute\" \/>\n<script type=\"application\/ld+json\" class=\"yoast-schema-graph\">{\"@context\":\"https:\/\/schema.org\",\"@graph\":[{\"@type\":\"Article\",\"@id\":\"https:\/\/lassietteaujardin.fr\/nouveau-menu-jusquau-17-juillet\/#article\",\"isPartOf\":{\"@id\":\"https:\/\/lassietteaujardin.fr\/nouveau-menu-jusquau-17-juillet\/\"},\"author\":{\"name\":\"admin-lassietteaujardin\",\"@id\":\"https:\/\/lassietteaujardin.fr\/#\/schema\/person\/46c9ad113fd7f7948e4c008c4d4c6e8a\"},\"headline\":\"Nouveau menu jusqu&rsquo;au 17 juillet !\",\"datePublished\":\"2020-07-08T07:48:49+00:00\",\"dateModified\":\"2020-07-08T07:50:07+00:00\",\"mainEntityOfPage\":{\"@id\":\"https:\/\/lassietteaujardin.fr\/nouveau-menu-jusquau-17-juillet\/\"},\"wordCount\":230,\"image\":{\"@id\":\"https:\/\/lassietteaujardin.fr\/nouveau-menu-jusquau-17-juillet\/#primaryimage\"},\"thumbnailUrl\":\"https:\/\/lassietteaujardin.fr\/wp-content\/uploads\/2019\/04\/cover-restaurant-assiette-au-jardin.jpg\",\"inLanguage\":\"fr-FR\"},{\"@type\":\"WebPage\",\"@id\":\"https:\/\/lassietteaujardin.fr\/nouveau-menu-jusquau-17-juillet\/\",\"url\":\"https:\/\/lassietteaujardin.fr\/nouveau-menu-jusquau-17-juillet\/\",\"name\":\"Nouveau menu jusqu'au 17 juillet ! - L&#039;assiette au jardin | Restaurant \u00e0 Noirmoutier\",\"isPartOf\":{\"@id\":\"https:\/\/lassietteaujardin.fr\/#website\"},\"primaryImageOfPage\":{\"@id\":\"https:\/\/lassietteaujardin.fr\/nouveau-menu-jusquau-17-juillet\/#primaryimage\"},\"image\":{\"@id\":\"https:\/\/lassietteaujardin.fr\/nouveau-menu-jusquau-17-juillet\/#primaryimage\"},\"thumbnailUrl\":\"https:\/\/lassietteaujardin.fr\/wp-content\/uploads\/2019\/04\/cover-restaurant-assiette-au-jardin.jpg\",\"datePublished\":\"2020-07-08T07:48:49+00:00\",\"dateModified\":\"2020-07-08T07:50:07+00:00\",\"author\":{\"@id\":\"https:\/\/lassietteaujardin.fr\/#\/schema\/person\/46c9ad113fd7f7948e4c008c4d4c6e8a\"},\"breadcrumb\":{\"@id\":\"https:\/\/lassietteaujardin.fr\/nouveau-menu-jusquau-17-juillet\/#breadcrumb\"},\"inLanguage\":\"fr-FR\",\"potentialAction\":[{\"@type\":\"ReadAction\",\"target\":[\"https:\/\/lassietteaujardin.fr\/nouveau-menu-jusquau-17-juillet\/\"]}]},{\"@type\":\"ImageObject\",\"inLanguage\":\"fr-FR\",\"@id\":\"https:\/\/lassietteaujardin.fr\/nouveau-menu-jusquau-17-juillet\/#primaryimage\",\"url\":\"https:\/\/lassietteaujardin.fr\/wp-content\/uploads\/2019\/04\/cover-restaurant-assiette-au-jardin.jpg\",\"contentUrl\":\"https:\/\/lassietteaujardin.fr\/wp-content\/uploads\/2019\/04\/cover-restaurant-assiette-au-jardin.jpg\",\"width\":1440,\"height\":469},{\"@type\":\"BreadcrumbList\",\"@id\":\"https:\/\/lassietteaujardin.fr\/nouveau-menu-jusquau-17-juillet\/#breadcrumb\",\"itemListElement\":[{\"@type\":\"ListItem\",\"position\":1,\"name\":\"Accueil\",\"item\":\"https:\/\/lassietteaujardin.fr\/\"},{\"@type\":\"ListItem\",\"position\":2,\"name\":\"Nouveau menu jusqu&rsquo;au 17 juillet !\"}]},{\"@type\":\"WebSite\",\"@id\":\"https:\/\/lassietteaujardin.fr\/#website\",\"url\":\"https:\/\/lassietteaujardin.fr\/\",\"name\":\"L&#039;assiette au jardin | Restaurant \u00e0 Noirmoutier\",\"description\":\"Restaurant sur l&#039;\u00eele de Noirmoutier\",\"potentialAction\":[{\"@type\":\"SearchAction\",\"target\":{\"@type\":\"EntryPoint\",\"urlTemplate\":\"https:\/\/lassietteaujardin.fr\/?s={search_term_string}\"},\"query-input\":{\"@type\":\"PropertyValueSpecification\",\"valueRequired\":true,\"valueName\":\"search_term_string\"}}],\"inLanguage\":\"fr-FR\"},{\"@type\":\"Person\",\"@id\":\"https:\/\/lassietteaujardin.fr\/#\/schema\/person\/46c9ad113fd7f7948e4c008c4d4c6e8a\",\"name\":\"admin-lassietteaujardin\",\"image\":{\"@type\":\"ImageObject\",\"inLanguage\":\"fr-FR\",\"@id\":\"https:\/\/lassietteaujardin.fr\/#\/schema\/person\/image\/\",\"url\":\"https:\/\/secure.gravatar.com\/avatar\/b7e7818f3bc4056d29730c8b49b56e37487cafa62e85d34ee719e66093981a2f?s=96&d=mm&r=g\",\"contentUrl\":\"https:\/\/secure.gravatar.com\/avatar\/b7e7818f3bc4056d29730c8b49b56e37487cafa62e85d34ee719e66093981a2f?s=96&d=mm&r=g\",\"caption\":\"admin-lassietteaujardin\"},\"url\":\"https:\/\/lassietteaujardin.fr\/author\/admin-lassietteaujardin\/\"}]}<\/script>\n<!-- \/ Yoast SEO plugin. -->","yoast_head_json":{"title":"Nouveau menu jusqu'au 17 juillet ! - L&#039;assiette au jardin | Restaurant \u00e0 Noirmoutier","robots":{"index":"index","follow":"follow","max-snippet":"max-snippet:-1","max-image-preview":"max-image-preview:large","max-video-preview":"max-video-preview:-1"},"canonical":"https:\/\/lassietteaujardin.fr\/nouveau-menu-jusquau-17-juillet\/","og_locale":"fr_FR","og_type":"article","og_title":"Nouveau menu jusqu'au 17 juillet ! - L&#039;assiette au jardin | Restaurant \u00e0 Noirmoutier","og_description":"Un nouveau menu jusqu'au 17 juillet ! Menu 33 euros - entr\u00e9e, plat, dessertMenu 27 euros - entr\u00e9e, plat\u00a0Menu 30 euros - plat, dessertLe menu du petit gastronome ( jusqu'\u00e0 10 ans) 15 euros Entr\u00e9es Hu\u00eetre Fujiyama, hu\u00eetre naturelle de Raymond Kadem en tartare aux fruits de la passion, kakigori de bouillon dashi au vinaigre [&hellip;]","og_url":"https:\/\/lassietteaujardin.fr\/nouveau-menu-jusquau-17-juillet\/","og_site_name":"L&#039;assiette au jardin | Restaurant \u00e0 Noirmoutier","article_published_time":"2020-07-08T07:48:49+00:00","article_modified_time":"2020-07-08T07:50:07+00:00","og_image":[{"width":1440,"height":469,"url":"https:\/\/lassietteaujardin.fr\/wp-content\/uploads\/2019\/04\/cover-restaurant-assiette-au-jardin.jpg","type":"image\/jpeg"}],"author":"admin-lassietteaujardin","twitter_card":"summary_large_image","twitter_misc":{"\u00c9crit par":"admin-lassietteaujardin","Dur\u00e9e de lecture estim\u00e9e":"1 minute"},"schema":{"@context":"https:\/\/schema.org","@graph":[{"@type":"Article","@id":"https:\/\/lassietteaujardin.fr\/nouveau-menu-jusquau-17-juillet\/#article","isPartOf":{"@id":"https:\/\/lassietteaujardin.fr\/nouveau-menu-jusquau-17-juillet\/"},"author":{"name":"admin-lassietteaujardin","@id":"https:\/\/lassietteaujardin.fr\/#\/schema\/person\/46c9ad113fd7f7948e4c008c4d4c6e8a"},"headline":"Nouveau menu jusqu&rsquo;au 17 juillet !","datePublished":"2020-07-08T07:48:49+00:00","dateModified":"2020-07-08T07:50:07+00:00","mainEntityOfPage":{"@id":"https:\/\/lassietteaujardin.fr\/nouveau-menu-jusquau-17-juillet\/"},"wordCount":230,"image":{"@id":"https:\/\/lassietteaujardin.fr\/nouveau-menu-jusquau-17-juillet\/#primaryimage"},"thumbnailUrl":"https:\/\/lassietteaujardin.fr\/wp-content\/uploads\/2019\/04\/cover-restaurant-assiette-au-jardin.jpg","inLanguage":"fr-FR"},{"@type":"WebPage","@id":"https:\/\/lassietteaujardin.fr\/nouveau-menu-jusquau-17-juillet\/","url":"https:\/\/lassietteaujardin.fr\/nouveau-menu-jusquau-17-juillet\/","name":"Nouveau menu jusqu'au 17 juillet ! - L&#039;assiette au jardin | Restaurant \u00e0 Noirmoutier","isPartOf":{"@id":"https:\/\/lassietteaujardin.fr\/#website"},"primaryImageOfPage":{"@id":"https:\/\/lassietteaujardin.fr\/nouveau-menu-jusquau-17-juillet\/#primaryimage"},"image":{"@id":"https:\/\/lassietteaujardin.fr\/nouveau-menu-jusquau-17-juillet\/#primaryimage"},"thumbnailUrl":"https:\/\/lassietteaujardin.fr\/wp-content\/uploads\/2019\/04\/cover-restaurant-assiette-au-jardin.jpg","datePublished":"2020-07-08T07:48:49+00:00","dateModified":"2020-07-08T07:50:07+00:00","author":{"@id":"https:\/\/lassietteaujardin.fr\/#\/schema\/person\/46c9ad113fd7f7948e4c008c4d4c6e8a"},"breadcrumb":{"@id":"https:\/\/lassietteaujardin.fr\/nouveau-menu-jusquau-17-juillet\/#breadcrumb"},"inLanguage":"fr-FR","potentialAction":[{"@type":"ReadAction","target":["https:\/\/lassietteaujardin.fr\/nouveau-menu-jusquau-17-juillet\/"]}]},{"@type":"ImageObject","inLanguage":"fr-FR","@id":"https:\/\/lassietteaujardin.fr\/nouveau-menu-jusquau-17-juillet\/#primaryimage","url":"https:\/\/lassietteaujardin.fr\/wp-content\/uploads\/2019\/04\/cover-restaurant-assiette-au-jardin.jpg","contentUrl":"https:\/\/lassietteaujardin.fr\/wp-content\/uploads\/2019\/04\/cover-restaurant-assiette-au-jardin.jpg","width":1440,"height":469},{"@type":"BreadcrumbList","@id":"https:\/\/lassietteaujardin.fr\/nouveau-menu-jusquau-17-juillet\/#breadcrumb","itemListElement":[{"@type":"ListItem","position":1,"name":"Accueil","item":"https:\/\/lassietteaujardin.fr\/"},{"@type":"ListItem","position":2,"name":"Nouveau menu jusqu&rsquo;au 17 juillet !"}]},{"@type":"WebSite","@id":"https:\/\/lassietteaujardin.fr\/#website","url":"https:\/\/lassietteaujardin.fr\/","name":"L&#039;assiette au jardin | Restaurant \u00e0 Noirmoutier","description":"Restaurant sur l&#039;\u00eele de Noirmoutier","potentialAction":[{"@type":"SearchAction","target":{"@type":"EntryPoint","urlTemplate":"https:\/\/lassietteaujardin.fr\/?s={search_term_string}"},"query-input":{"@type":"PropertyValueSpecification","valueRequired":true,"valueName":"search_term_string"}}],"inLanguage":"fr-FR"},{"@type":"Person","@id":"https:\/\/lassietteaujardin.fr\/#\/schema\/person\/46c9ad113fd7f7948e4c008c4d4c6e8a","name":"admin-lassietteaujardin","image":{"@type":"ImageObject","inLanguage":"fr-FR","@id":"https:\/\/lassietteaujardin.fr\/#\/schema\/person\/image\/","url":"https:\/\/secure.gravatar.com\/avatar\/b7e7818f3bc4056d29730c8b49b56e37487cafa62e85d34ee719e66093981a2f?s=96&d=mm&r=g","contentUrl":"https:\/\/secure.gravatar.com\/avatar\/b7e7818f3bc4056d29730c8b49b56e37487cafa62e85d34ee719e66093981a2f?s=96&d=mm&r=g","caption":"admin-lassietteaujardin"},"url":"https:\/\/lassietteaujardin.fr\/author\/admin-lassietteaujardin\/"}]}},"_links":{"self":[{"href":"https:\/\/lassietteaujardin.fr\/api\/wp\/v2\/posts\/674","targetHints":{"allow":["GET"]}}],"collection":[{"href":"https:\/\/lassietteaujardin.fr\/api\/wp\/v2\/posts"}],"about":[{"href":"https:\/\/lassietteaujardin.fr\/api\/wp\/v2\/types\/post"}],"author":[{"embeddable":true,"href":"https:\/\/lassietteaujardin.fr\/api\/wp\/v2\/users\/1"}],"replies":[{"embeddable":true,"href":"https:\/\/lassietteaujardin.fr\/api\/wp\/v2\/comments?post=674"}],"version-history":[{"count":4,"href":"https:\/\/lassietteaujardin.fr\/api\/wp\/v2\/posts\/674\/revisions"}],"predecessor-version":[{"id":680,"href":"https:\/\/lassietteaujardin.fr\/api\/wp\/v2\/posts\/674\/revisions\/680"}],"wp:featuredmedia":[{"embeddable":true,"href":"https:\/\/lassietteaujardin.fr\/api\/wp\/v2\/media\/252"}],"wp:attachment":[{"href":"https:\/\/lassietteaujardin.fr\/api\/wp\/v2\/media?parent=674"}],"wp:term":[{"taxonomy":"category","embeddable":true,"href":"https:\/\/lassietteaujardin.fr\/api\/wp\/v2\/categories?post=674"},{"taxonomy":"post_tag","embeddable":true,"href":"https:\/\/lassietteaujardin.fr\/api\/wp\/v2\/tags?post=674"}],"curies":[{"name":"wp","href":"https:\/\/api.w.org\/{rel}","templated":true}]}}