{"id":721,"date":"2020-08-20T12:48:34","date_gmt":"2020-08-20T10:48:34","guid":{"rendered":"https:\/\/lassietteaujardin.fr\/?p=721"},"modified":"2020-08-26T20:02:26","modified_gmt":"2020-08-26T18:02:26","slug":"menu-a-partir-du-20-aout","status":"publish","type":"post","link":"https:\/\/lassietteaujardin.fr\/menu-a-partir-du-20-aout\/","title":{"rendered":"Menu \u00e0 partir du 20 ao\u00fbt !"},"content":{"rendered":"<p>[et_pb_section fb_built=\u00a0\u00bb1&Prime; _builder_version=\u00a0\u00bb3.22&Prime;][et_pb_row _builder_version=\u00a0\u00bb4.0.11&Prime; background_size=\u00a0\u00bbinitial\u00a0\u00bb background_position=\u00a0\u00bbtop_left\u00a0\u00bb background_repeat=\u00a0\u00bbrepeat\u00a0\u00bb][et_pb_column type=\u00a0\u00bb4_4&Prime; _builder_version=\u00a0\u00bb3.25&Prime; custom_padding=\u00a0\u00bb|||\u00a0\u00bb custom_padding__hover=\u00a0\u00bb|||\u00a0\u00bb][et_pb_text admin_label=\u00a0\u00bbArticle\u00a0\u00bb _builder_version=\u00a0\u00bb4.5.3&Prime; hover_enabled=\u00a0\u00bb0&Prime; z_index_tablet=\u00a0\u00bb500&Prime;]<\/p>\n<h1>Un nouveau menu \u00e0 partir du 20 ao\u00fbt !<\/h1>\n<p>Menu <strong>33 euros &#8211; entr\u00e9e, plat, dessert<br \/><\/strong>Menu<strong> 27 euros &#8211; entr\u00e9e, plat<br \/><\/strong>Menu<strong> 30 euros &#8211; plat, dessert<br \/><\/strong>Le menu du petit gastronome (jusqu&rsquo;\u00e0 10 ans &#8211; uniquement le midi)<strong> 15 euros : <\/strong>Poisson du jour, pommes grenailles, sauce citron, fondant au chocolat<strong><br \/><\/strong><\/p>\n<h2>Entr\u00e9es<\/h2>\n<ul>\n<li>La belle mara\u00eechine : m\u00e2che et petites pousses, magret de canard fum\u00e9, cube de poitrine de porc laqu\u00e9, billes de ch\u00e8vre aux herbes, \u0153uf de caille, framboises, groseilles et radis, vinaigrette pralin\u00e9e.<\/li>\n<li>Les beignets de cuisses de grenouille de chez Artus, sauce aigre douce piment\u00e9e fa\u00e7on tokyoite et mayonnaise \u00e0 la pistache + 4 euros.<\/li>\n<li>Hu\u00eetre Fujiyama, hu\u00eetre naturelle de Raymond Kadem en tartare aux fruits de la passion, kakigori de bouillon dashi au vinaigre fum\u00e9,chantilly au wasabi, feuilles de cerisier ( Notre signature ).<\/li>\n<\/ul>\n<h2>Plats<\/h2>\n<ul>\n<li>La matelote d&rsquo;anguilles des marais, cuisin\u00e9e au vin rouge et aux pruneaux, tagliatelles<\/li>\n<li>Le tartare de thon fa\u00e7on Bangkok, pommes grenaille au paprika fum\u00e9, gomasio maison.<\/li>\n<li>La grosse c\u00f4te de veau (400 grs) cuite \u00e0 basse temp\u00e9rature, \u00e9chalotes confites, jus de veau cors\u00e9, mojette mijot\u00e9es \u00e0 la cr\u00e8me comme \u00e0 Commequiers + 5 euros<\/li>\n<\/ul>\n<h2>Desserts<\/h2>\n<ul>\n<li>Autour de la fraise, fraises de Vend\u00e9e au sirop de fenouil, sorbet \u00e0 la fraise, glace au lait Ribot (glace et sorbet maison).<\/li>\n<li>Le Jama\u00efcan Baba Coffee.<\/li>\n<li>La terrine de chocolat, cerises amarena, coulis pourpre<\/li>\n<li>L&rsquo;assiette de fromages (Suppl\u00e9ment 3 euros)<\/li>\n<\/ul>\n<p>&nbsp;<\/p>\n<p>[\/et_pb_text][\/et_pb_column][\/et_pb_row][\/et_pb_section]<\/p>\n","protected":false},"excerpt":{"rendered":"<p>Un nouveau menu \u00e0 partir du 20 ao\u00fbt ! Menu 33 euros &#8211; entr\u00e9e, plat, dessertMenu 27 euros &#8211; entr\u00e9e, platMenu 30 euros &#8211; plat, dessertLe menu du petit gastronome (jusqu&rsquo;\u00e0 10 ans &#8211; uniquement le midi) 15 euros : Poisson du jour, pommes grenailles, sauce citron, fondant au chocolat Entr\u00e9es La belle mara\u00eechine : [&hellip;]<\/p>\n","protected":false},"author":1,"featured_media":252,"comment_status":"closed","ping_status":"closed","sticky":false,"template":"","format":"standard","meta":{"_et_pb_use_builder":"on","_et_pb_old_content":"<!-- wp:paragraph -->\r\n<p>Lorem ipsum dolor sit amet, consectetur adipisicing elit, sed do eiusmod tempor incididunt ut labore et dolore magna aliqua. Ut enim ad minim veniam, quis nostrud exercitation ullamco laboris nisi ut aliquip ex ea commodo consequat. Duis aute irure dolor in reprehenderit in voluptate velit esse cillum dolore eu fugiat nulla pariatur. Excepteur sint occaecat cupidatat non proident, sunt in culpa qui officia deserunt mollit anim id est laborum.<\/p>\r\n<!-- \/wp:paragraph -->","_et_gb_content_width":"","footnotes":""},"categories":[1],"tags":[],"class_list":["post-721","post","type-post","status-publish","format-standard","has-post-thumbnail","hentry","category-non-classe"],"yoast_head":"<!-- This site is optimized with the Yoast SEO plugin v26.9 - https:\/\/yoast.com\/product\/yoast-seo-wordpress\/ -->\n<title>Menu \u00e0 partir du 20 ao\u00fbt ! - L&#039;assiette au jardin | Restaurant \u00e0 Noirmoutier<\/title>\n<meta name=\"robots\" content=\"index, follow, max-snippet:-1, max-image-preview:large, max-video-preview:-1\" \/>\n<link rel=\"canonical\" href=\"https:\/\/lassietteaujardin.fr\/menu-a-partir-du-20-aout\/\" \/>\n<meta property=\"og:locale\" content=\"fr_FR\" \/>\n<meta property=\"og:type\" content=\"article\" \/>\n<meta property=\"og:title\" content=\"Menu \u00e0 partir du 20 ao\u00fbt ! - L&#039;assiette au jardin | Restaurant \u00e0 Noirmoutier\" \/>\n<meta property=\"og:description\" content=\"Un nouveau menu \u00e0 partir du 20 ao\u00fbt ! Menu 33 euros - entr\u00e9e, plat, dessertMenu 27 euros - entr\u00e9e, platMenu 30 euros - plat, dessertLe menu du petit gastronome (jusqu&#039;\u00e0 10 ans - uniquement le midi) 15 euros : Poisson du jour, pommes grenailles, sauce citron, fondant au chocolat Entr\u00e9es La belle mara\u00eechine : [&hellip;]\" \/>\n<meta property=\"og:url\" content=\"https:\/\/lassietteaujardin.fr\/menu-a-partir-du-20-aout\/\" \/>\n<meta property=\"og:site_name\" content=\"L&#039;assiette au jardin | Restaurant \u00e0 Noirmoutier\" \/>\n<meta property=\"article:published_time\" content=\"2020-08-20T10:48:34+00:00\" \/>\n<meta property=\"article:modified_time\" content=\"2020-08-26T18:02:26+00:00\" \/>\n<meta property=\"og:image\" content=\"https:\/\/lassietteaujardin.fr\/wp-content\/uploads\/2019\/04\/cover-restaurant-assiette-au-jardin.jpg\" \/>\n\t<meta property=\"og:image:width\" content=\"1440\" \/>\n\t<meta property=\"og:image:height\" content=\"469\" \/>\n\t<meta property=\"og:image:type\" content=\"image\/jpeg\" \/>\n<meta name=\"author\" content=\"admin-lassietteaujardin\" \/>\n<meta name=\"twitter:card\" content=\"summary_large_image\" \/>\n<meta name=\"twitter:label1\" content=\"\u00c9crit par\" \/>\n\t<meta name=\"twitter:data1\" content=\"admin-lassietteaujardin\" \/>\n\t<meta name=\"twitter:label2\" content=\"Dur\u00e9e de lecture estim\u00e9e\" \/>\n\t<meta name=\"twitter:data2\" content=\"1 minute\" \/>\n<script type=\"application\/ld+json\" class=\"yoast-schema-graph\">{\"@context\":\"https:\/\/schema.org\",\"@graph\":[{\"@type\":\"Article\",\"@id\":\"https:\/\/lassietteaujardin.fr\/menu-a-partir-du-20-aout\/#article\",\"isPartOf\":{\"@id\":\"https:\/\/lassietteaujardin.fr\/menu-a-partir-du-20-aout\/\"},\"author\":{\"name\":\"admin-lassietteaujardin\",\"@id\":\"https:\/\/lassietteaujardin.fr\/#\/schema\/person\/46c9ad113fd7f7948e4c008c4d4c6e8a\"},\"headline\":\"Menu \u00e0 partir du 20 ao\u00fbt !\",\"datePublished\":\"2020-08-20T10:48:34+00:00\",\"dateModified\":\"2020-08-26T18:02:26+00:00\",\"mainEntityOfPage\":{\"@id\":\"https:\/\/lassietteaujardin.fr\/menu-a-partir-du-20-aout\/\"},\"wordCount\":301,\"image\":{\"@id\":\"https:\/\/lassietteaujardin.fr\/menu-a-partir-du-20-aout\/#primaryimage\"},\"thumbnailUrl\":\"https:\/\/lassietteaujardin.fr\/wp-content\/uploads\/2019\/04\/cover-restaurant-assiette-au-jardin.jpg\",\"inLanguage\":\"fr-FR\"},{\"@type\":\"WebPage\",\"@id\":\"https:\/\/lassietteaujardin.fr\/menu-a-partir-du-20-aout\/\",\"url\":\"https:\/\/lassietteaujardin.fr\/menu-a-partir-du-20-aout\/\",\"name\":\"Menu \u00e0 partir du 20 ao\u00fbt ! - L&#039;assiette au jardin | Restaurant \u00e0 Noirmoutier\",\"isPartOf\":{\"@id\":\"https:\/\/lassietteaujardin.fr\/#website\"},\"primaryImageOfPage\":{\"@id\":\"https:\/\/lassietteaujardin.fr\/menu-a-partir-du-20-aout\/#primaryimage\"},\"image\":{\"@id\":\"https:\/\/lassietteaujardin.fr\/menu-a-partir-du-20-aout\/#primaryimage\"},\"thumbnailUrl\":\"https:\/\/lassietteaujardin.fr\/wp-content\/uploads\/2019\/04\/cover-restaurant-assiette-au-jardin.jpg\",\"datePublished\":\"2020-08-20T10:48:34+00:00\",\"dateModified\":\"2020-08-26T18:02:26+00:00\",\"author\":{\"@id\":\"https:\/\/lassietteaujardin.fr\/#\/schema\/person\/46c9ad113fd7f7948e4c008c4d4c6e8a\"},\"breadcrumb\":{\"@id\":\"https:\/\/lassietteaujardin.fr\/menu-a-partir-du-20-aout\/#breadcrumb\"},\"inLanguage\":\"fr-FR\",\"potentialAction\":[{\"@type\":\"ReadAction\",\"target\":[\"https:\/\/lassietteaujardin.fr\/menu-a-partir-du-20-aout\/\"]}]},{\"@type\":\"ImageObject\",\"inLanguage\":\"fr-FR\",\"@id\":\"https:\/\/lassietteaujardin.fr\/menu-a-partir-du-20-aout\/#primaryimage\",\"url\":\"https:\/\/lassietteaujardin.fr\/wp-content\/uploads\/2019\/04\/cover-restaurant-assiette-au-jardin.jpg\",\"contentUrl\":\"https:\/\/lassietteaujardin.fr\/wp-content\/uploads\/2019\/04\/cover-restaurant-assiette-au-jardin.jpg\",\"width\":1440,\"height\":469},{\"@type\":\"BreadcrumbList\",\"@id\":\"https:\/\/lassietteaujardin.fr\/menu-a-partir-du-20-aout\/#breadcrumb\",\"itemListElement\":[{\"@type\":\"ListItem\",\"position\":1,\"name\":\"Accueil\",\"item\":\"https:\/\/lassietteaujardin.fr\/\"},{\"@type\":\"ListItem\",\"position\":2,\"name\":\"Menu \u00e0 partir du 20 ao\u00fbt !\"}]},{\"@type\":\"WebSite\",\"@id\":\"https:\/\/lassietteaujardin.fr\/#website\",\"url\":\"https:\/\/lassietteaujardin.fr\/\",\"name\":\"L&#039;assiette au jardin | Restaurant \u00e0 Noirmoutier\",\"description\":\"Restaurant sur l&#039;\u00eele de Noirmoutier\",\"potentialAction\":[{\"@type\":\"SearchAction\",\"target\":{\"@type\":\"EntryPoint\",\"urlTemplate\":\"https:\/\/lassietteaujardin.fr\/?s={search_term_string}\"},\"query-input\":{\"@type\":\"PropertyValueSpecification\",\"valueRequired\":true,\"valueName\":\"search_term_string\"}}],\"inLanguage\":\"fr-FR\"},{\"@type\":\"Person\",\"@id\":\"https:\/\/lassietteaujardin.fr\/#\/schema\/person\/46c9ad113fd7f7948e4c008c4d4c6e8a\",\"name\":\"admin-lassietteaujardin\",\"image\":{\"@type\":\"ImageObject\",\"inLanguage\":\"fr-FR\",\"@id\":\"https:\/\/lassietteaujardin.fr\/#\/schema\/person\/image\/\",\"url\":\"https:\/\/secure.gravatar.com\/avatar\/b7e7818f3bc4056d29730c8b49b56e37487cafa62e85d34ee719e66093981a2f?s=96&d=mm&r=g\",\"contentUrl\":\"https:\/\/secure.gravatar.com\/avatar\/b7e7818f3bc4056d29730c8b49b56e37487cafa62e85d34ee719e66093981a2f?s=96&d=mm&r=g\",\"caption\":\"admin-lassietteaujardin\"},\"url\":\"https:\/\/lassietteaujardin.fr\/author\/admin-lassietteaujardin\/\"}]}<\/script>\n<!-- \/ Yoast SEO plugin. -->","yoast_head_json":{"title":"Menu \u00e0 partir du 20 ao\u00fbt ! - L&#039;assiette au jardin | Restaurant \u00e0 Noirmoutier","robots":{"index":"index","follow":"follow","max-snippet":"max-snippet:-1","max-image-preview":"max-image-preview:large","max-video-preview":"max-video-preview:-1"},"canonical":"https:\/\/lassietteaujardin.fr\/menu-a-partir-du-20-aout\/","og_locale":"fr_FR","og_type":"article","og_title":"Menu \u00e0 partir du 20 ao\u00fbt ! - L&#039;assiette au jardin | Restaurant \u00e0 Noirmoutier","og_description":"Un nouveau menu \u00e0 partir du 20 ao\u00fbt ! Menu 33 euros - entr\u00e9e, plat, dessertMenu 27 euros - entr\u00e9e, platMenu 30 euros - plat, dessertLe menu du petit gastronome (jusqu'\u00e0 10 ans - uniquement le midi) 15 euros : Poisson du jour, pommes grenailles, sauce citron, fondant au chocolat Entr\u00e9es La belle mara\u00eechine : [&hellip;]","og_url":"https:\/\/lassietteaujardin.fr\/menu-a-partir-du-20-aout\/","og_site_name":"L&#039;assiette au jardin | Restaurant \u00e0 Noirmoutier","article_published_time":"2020-08-20T10:48:34+00:00","article_modified_time":"2020-08-26T18:02:26+00:00","og_image":[{"width":1440,"height":469,"url":"https:\/\/lassietteaujardin.fr\/wp-content\/uploads\/2019\/04\/cover-restaurant-assiette-au-jardin.jpg","type":"image\/jpeg"}],"author":"admin-lassietteaujardin","twitter_card":"summary_large_image","twitter_misc":{"\u00c9crit par":"admin-lassietteaujardin","Dur\u00e9e de lecture estim\u00e9e":"1 minute"},"schema":{"@context":"https:\/\/schema.org","@graph":[{"@type":"Article","@id":"https:\/\/lassietteaujardin.fr\/menu-a-partir-du-20-aout\/#article","isPartOf":{"@id":"https:\/\/lassietteaujardin.fr\/menu-a-partir-du-20-aout\/"},"author":{"name":"admin-lassietteaujardin","@id":"https:\/\/lassietteaujardin.fr\/#\/schema\/person\/46c9ad113fd7f7948e4c008c4d4c6e8a"},"headline":"Menu \u00e0 partir du 20 ao\u00fbt !","datePublished":"2020-08-20T10:48:34+00:00","dateModified":"2020-08-26T18:02:26+00:00","mainEntityOfPage":{"@id":"https:\/\/lassietteaujardin.fr\/menu-a-partir-du-20-aout\/"},"wordCount":301,"image":{"@id":"https:\/\/lassietteaujardin.fr\/menu-a-partir-du-20-aout\/#primaryimage"},"thumbnailUrl":"https:\/\/lassietteaujardin.fr\/wp-content\/uploads\/2019\/04\/cover-restaurant-assiette-au-jardin.jpg","inLanguage":"fr-FR"},{"@type":"WebPage","@id":"https:\/\/lassietteaujardin.fr\/menu-a-partir-du-20-aout\/","url":"https:\/\/lassietteaujardin.fr\/menu-a-partir-du-20-aout\/","name":"Menu \u00e0 partir du 20 ao\u00fbt ! - L&#039;assiette au jardin | Restaurant \u00e0 Noirmoutier","isPartOf":{"@id":"https:\/\/lassietteaujardin.fr\/#website"},"primaryImageOfPage":{"@id":"https:\/\/lassietteaujardin.fr\/menu-a-partir-du-20-aout\/#primaryimage"},"image":{"@id":"https:\/\/lassietteaujardin.fr\/menu-a-partir-du-20-aout\/#primaryimage"},"thumbnailUrl":"https:\/\/lassietteaujardin.fr\/wp-content\/uploads\/2019\/04\/cover-restaurant-assiette-au-jardin.jpg","datePublished":"2020-08-20T10:48:34+00:00","dateModified":"2020-08-26T18:02:26+00:00","author":{"@id":"https:\/\/lassietteaujardin.fr\/#\/schema\/person\/46c9ad113fd7f7948e4c008c4d4c6e8a"},"breadcrumb":{"@id":"https:\/\/lassietteaujardin.fr\/menu-a-partir-du-20-aout\/#breadcrumb"},"inLanguage":"fr-FR","potentialAction":[{"@type":"ReadAction","target":["https:\/\/lassietteaujardin.fr\/menu-a-partir-du-20-aout\/"]}]},{"@type":"ImageObject","inLanguage":"fr-FR","@id":"https:\/\/lassietteaujardin.fr\/menu-a-partir-du-20-aout\/#primaryimage","url":"https:\/\/lassietteaujardin.fr\/wp-content\/uploads\/2019\/04\/cover-restaurant-assiette-au-jardin.jpg","contentUrl":"https:\/\/lassietteaujardin.fr\/wp-content\/uploads\/2019\/04\/cover-restaurant-assiette-au-jardin.jpg","width":1440,"height":469},{"@type":"BreadcrumbList","@id":"https:\/\/lassietteaujardin.fr\/menu-a-partir-du-20-aout\/#breadcrumb","itemListElement":[{"@type":"ListItem","position":1,"name":"Accueil","item":"https:\/\/lassietteaujardin.fr\/"},{"@type":"ListItem","position":2,"name":"Menu \u00e0 partir du 20 ao\u00fbt !"}]},{"@type":"WebSite","@id":"https:\/\/lassietteaujardin.fr\/#website","url":"https:\/\/lassietteaujardin.fr\/","name":"L&#039;assiette au jardin | Restaurant \u00e0 Noirmoutier","description":"Restaurant sur l&#039;\u00eele de Noirmoutier","potentialAction":[{"@type":"SearchAction","target":{"@type":"EntryPoint","urlTemplate":"https:\/\/lassietteaujardin.fr\/?s={search_term_string}"},"query-input":{"@type":"PropertyValueSpecification","valueRequired":true,"valueName":"search_term_string"}}],"inLanguage":"fr-FR"},{"@type":"Person","@id":"https:\/\/lassietteaujardin.fr\/#\/schema\/person\/46c9ad113fd7f7948e4c008c4d4c6e8a","name":"admin-lassietteaujardin","image":{"@type":"ImageObject","inLanguage":"fr-FR","@id":"https:\/\/lassietteaujardin.fr\/#\/schema\/person\/image\/","url":"https:\/\/secure.gravatar.com\/avatar\/b7e7818f3bc4056d29730c8b49b56e37487cafa62e85d34ee719e66093981a2f?s=96&d=mm&r=g","contentUrl":"https:\/\/secure.gravatar.com\/avatar\/b7e7818f3bc4056d29730c8b49b56e37487cafa62e85d34ee719e66093981a2f?s=96&d=mm&r=g","caption":"admin-lassietteaujardin"},"url":"https:\/\/lassietteaujardin.fr\/author\/admin-lassietteaujardin\/"}]}},"_links":{"self":[{"href":"https:\/\/lassietteaujardin.fr\/api\/wp\/v2\/posts\/721","targetHints":{"allow":["GET"]}}],"collection":[{"href":"https:\/\/lassietteaujardin.fr\/api\/wp\/v2\/posts"}],"about":[{"href":"https:\/\/lassietteaujardin.fr\/api\/wp\/v2\/types\/post"}],"author":[{"embeddable":true,"href":"https:\/\/lassietteaujardin.fr\/api\/wp\/v2\/users\/1"}],"replies":[{"embeddable":true,"href":"https:\/\/lassietteaujardin.fr\/api\/wp\/v2\/comments?post=721"}],"version-history":[{"count":3,"href":"https:\/\/lassietteaujardin.fr\/api\/wp\/v2\/posts\/721\/revisions"}],"predecessor-version":[{"id":728,"href":"https:\/\/lassietteaujardin.fr\/api\/wp\/v2\/posts\/721\/revisions\/728"}],"wp:featuredmedia":[{"embeddable":true,"href":"https:\/\/lassietteaujardin.fr\/api\/wp\/v2\/media\/252"}],"wp:attachment":[{"href":"https:\/\/lassietteaujardin.fr\/api\/wp\/v2\/media?parent=721"}],"wp:term":[{"taxonomy":"category","embeddable":true,"href":"https:\/\/lassietteaujardin.fr\/api\/wp\/v2\/categories?post=721"},{"taxonomy":"post_tag","embeddable":true,"href":"https:\/\/lassietteaujardin.fr\/api\/wp\/v2\/tags?post=721"}],"curies":[{"name":"wp","href":"https:\/\/api.w.org\/{rel}","templated":true}]}}