{"id":749,"date":"2020-10-01T10:09:00","date_gmt":"2020-10-01T08:09:00","guid":{"rendered":"https:\/\/lassietteaujardin.fr\/?p=749"},"modified":"2020-10-05T10:14:31","modified_gmt":"2020-10-05T08:14:31","slug":"menu-a-partir-du-1-octobre","status":"publish","type":"post","link":"https:\/\/lassietteaujardin.fr\/menu-a-partir-du-1-octobre\/","title":{"rendered":"Menu \u00e0 partir du 1\u1d49\u02b3 Octobre !"},"content":{"rendered":"<p>[et_pb_section fb_built=\u00a0\u00bb1&Prime; _builder_version=\u00a0\u00bb3.22&Prime;][et_pb_row _builder_version=\u00a0\u00bb4.0.11&Prime; background_size=\u00a0\u00bbinitial\u00a0\u00bb background_position=\u00a0\u00bbtop_left\u00a0\u00bb background_repeat=\u00a0\u00bbrepeat\u00a0\u00bb][et_pb_column type=\u00a0\u00bb4_4&Prime; _builder_version=\u00a0\u00bb3.25&Prime; custom_padding=\u00a0\u00bb|||\u00a0\u00bb custom_padding__hover=\u00a0\u00bb|||\u00a0\u00bb][et_pb_text admin_label=\u00a0\u00bbArticle\u00a0\u00bb _builder_version=\u00a0\u00bb4.5.3&Prime; z_index_tablet=\u00a0\u00bb500&Prime;]<\/p>\n<h1>Un nouveau menu \u00e0 partir du 1\u1d49\u02b3 Octobre !<\/h1>\n<p>Menu <strong>33 euros &#8211; entr\u00e9e, plat, dessert<br \/><\/strong>Menu<strong> 27 euros &#8211; entr\u00e9e, plat<br \/><\/strong>Menu<strong> 30 euros &#8211; plat, dessert<br \/><\/strong>Le menu du petit gastronome (jusqu&rsquo;\u00e0 10 ans &#8211; uniquement le midi)<strong> 15 euros : <\/strong>Poisson du jour, pommes grenailles, sauce citron, fondant au chocolat<strong><br \/><\/strong><\/p>\n<h2>Entr\u00e9es<\/h2>\n<ul>\n<li>Potage Brighton, velout\u00e9 de carottes et cheddar.<\/li>\n<li>Vitello tonato, carpaccio de veau cuit dans un bouillon de l\u00e9gumes, cr\u00e8me de thon, condiments acidul\u00e9s.<\/li>\n<li>Hu\u00eetre Fujiyama, hu\u00eetre naturelle de Raymond Kadem en tartare aux fruits de la passion, kakigori de bouillon dashi au vinaigre fum\u00e9, chantilly au wasabi, feuilles de cerisier (Notre signature).<\/li>\n<\/ul>\n<h2>Plats<\/h2>\n<ul>\n<li>Turbot de Noirmoutier Label Rouge, cr\u00e8me de cerfeuil et vanille, galettes de flocons d&rsquo;avoine et carottes (+5 euros).<\/li>\n<li>Bourride s\u00e9toise \u00e0 la mani\u00e8re Noirmoutrine, lotte et bar sur une tomb\u00e9e de c\u00e9leri et poireau au muscadet et \u00e0 l&rsquo;ailloli.<\/li>\n<li>Pot au feu de cochon au 4 viandes, bouillon aux \u00e9pices douces, fenouil et patate douce.<\/li>\n<\/ul>\n<h2>Desserts<\/h2>\n<ul>\n<li>Tartelette chocolat extr\u00eame.<\/li>\n<li>Figues r\u00f4ties glace au lait de ch\u00e8vre, sirop de thyme, crumble de noisettes.<\/li>\n<li>Oeuf au lait au laurier de Noirmoutier.<\/li>\n<li>Fromages affin\u00e9s affin\u00e9s du moment (Suppl\u00e9ment 3 euros).<\/li>\n<\/ul>\n<p>&nbsp;<\/p>\n<p>[\/et_pb_text][\/et_pb_column][\/et_pb_row][\/et_pb_section]<\/p>\n","protected":false},"excerpt":{"rendered":"<p>Un nouveau menu \u00e0 partir du 1\u1d49\u02b3 Octobre ! Menu 33 euros &#8211; entr\u00e9e, plat, dessertMenu 27 euros &#8211; entr\u00e9e, platMenu 30 euros &#8211; plat, dessertLe menu du petit gastronome (jusqu&rsquo;\u00e0 10 ans &#8211; uniquement le midi) 15 euros : Poisson du jour, pommes grenailles, sauce citron, fondant au chocolat Entr\u00e9es Potage Brighton, velout\u00e9 de [&hellip;]<\/p>\n","protected":false},"author":1,"featured_media":252,"comment_status":"closed","ping_status":"closed","sticky":false,"template":"","format":"standard","meta":{"_et_pb_use_builder":"on","_et_pb_old_content":"<!-- wp:paragraph -->\r\n<p>Lorem ipsum dolor sit amet, consectetur adipisicing elit, sed do eiusmod tempor incididunt ut labore et dolore magna aliqua. Ut enim ad minim veniam, quis nostrud exercitation ullamco laboris nisi ut aliquip ex ea commodo consequat. Duis aute irure dolor in reprehenderit in voluptate velit esse cillum dolore eu fugiat nulla pariatur. Excepteur sint occaecat cupidatat non proident, sunt in culpa qui officia deserunt mollit anim id est laborum.<\/p>\r\n<!-- \/wp:paragraph -->","_et_gb_content_width":"","footnotes":""},"categories":[1],"tags":[],"class_list":["post-749","post","type-post","status-publish","format-standard","has-post-thumbnail","hentry","category-non-classe"],"yoast_head":"<!-- This site is optimized with the Yoast SEO plugin v27.8 - https:\/\/yoast.com\/product\/yoast-seo-wordpress\/ -->\n<title>Menu \u00e0 partir du 1\u1d49\u02b3 Octobre ! - L&#039;assiette au jardin | Restaurant \u00e0 Noirmoutier<\/title>\n<meta name=\"robots\" content=\"index, follow, max-snippet:-1, max-image-preview:large, max-video-preview:-1\" \/>\n<link rel=\"canonical\" href=\"https:\/\/lassietteaujardin.fr\/menu-a-partir-du-1-octobre\/\" \/>\n<meta property=\"og:locale\" content=\"fr_FR\" \/>\n<meta property=\"og:type\" content=\"article\" \/>\n<meta property=\"og:title\" content=\"Menu \u00e0 partir du 1\u1d49\u02b3 Octobre ! - L&#039;assiette au jardin | Restaurant \u00e0 Noirmoutier\" \/>\n<meta property=\"og:description\" content=\"Un nouveau menu \u00e0 partir du 1\u1d49\u02b3 Octobre ! Menu 33 euros - entr\u00e9e, plat, dessertMenu 27 euros - entr\u00e9e, platMenu 30 euros - plat, dessertLe menu du petit gastronome (jusqu&#039;\u00e0 10 ans - uniquement le midi) 15 euros : Poisson du jour, pommes grenailles, sauce citron, fondant au chocolat Entr\u00e9es Potage Brighton, velout\u00e9 de [&hellip;]\" \/>\n<meta property=\"og:url\" content=\"https:\/\/lassietteaujardin.fr\/menu-a-partir-du-1-octobre\/\" \/>\n<meta property=\"og:site_name\" content=\"L&#039;assiette au jardin | Restaurant \u00e0 Noirmoutier\" \/>\n<meta property=\"article:published_time\" content=\"2020-10-01T08:09:00+00:00\" \/>\n<meta property=\"article:modified_time\" content=\"2020-10-05T08:14:31+00:00\" \/>\n<meta property=\"og:image\" content=\"https:\/\/lassietteaujardin.fr\/wp-content\/uploads\/2019\/04\/cover-restaurant-assiette-au-jardin.jpg\" \/>\n\t<meta property=\"og:image:width\" content=\"1440\" \/>\n\t<meta property=\"og:image:height\" content=\"469\" \/>\n\t<meta property=\"og:image:type\" content=\"image\/jpeg\" \/>\n<meta name=\"author\" content=\"admin-lassietteaujardin\" \/>\n<meta name=\"twitter:card\" content=\"summary_large_image\" \/>\n<meta name=\"twitter:label1\" content=\"\u00c9crit par\" \/>\n\t<meta name=\"twitter:data1\" content=\"admin-lassietteaujardin\" \/>\n\t<meta name=\"twitter:label2\" content=\"Dur\u00e9e de lecture estim\u00e9e\" \/>\n\t<meta name=\"twitter:data2\" content=\"1 minute\" \/>\n<script type=\"application\/ld+json\" class=\"yoast-schema-graph\">{\"@context\":\"https:\\\/\\\/schema.org\",\"@graph\":[{\"@type\":\"Article\",\"@id\":\"https:\\\/\\\/lassietteaujardin.fr\\\/menu-a-partir-du-1-octobre\\\/#article\",\"isPartOf\":{\"@id\":\"https:\\\/\\\/lassietteaujardin.fr\\\/menu-a-partir-du-1-octobre\\\/\"},\"author\":{\"name\":\"admin-lassietteaujardin\",\"@id\":\"https:\\\/\\\/lassietteaujardin.fr\\\/#\\\/schema\\\/person\\\/46c9ad113fd7f7948e4c008c4d4c6e8a\"},\"headline\":\"Menu \u00e0 partir du 1\u1d49\u02b3 Octobre !\",\"datePublished\":\"2020-10-01T08:09:00+00:00\",\"dateModified\":\"2020-10-05T08:14:31+00:00\",\"mainEntityOfPage\":{\"@id\":\"https:\\\/\\\/lassietteaujardin.fr\\\/menu-a-partir-du-1-octobre\\\/\"},\"wordCount\":262,\"image\":{\"@id\":\"https:\\\/\\\/lassietteaujardin.fr\\\/menu-a-partir-du-1-octobre\\\/#primaryimage\"},\"thumbnailUrl\":\"https:\\\/\\\/lassietteaujardin.fr\\\/wp-content\\\/uploads\\\/2019\\\/04\\\/cover-restaurant-assiette-au-jardin.jpg\",\"inLanguage\":\"fr-FR\"},{\"@type\":\"WebPage\",\"@id\":\"https:\\\/\\\/lassietteaujardin.fr\\\/menu-a-partir-du-1-octobre\\\/\",\"url\":\"https:\\\/\\\/lassietteaujardin.fr\\\/menu-a-partir-du-1-octobre\\\/\",\"name\":\"Menu \u00e0 partir du 1\u1d49\u02b3 Octobre ! - L&#039;assiette au jardin | Restaurant \u00e0 Noirmoutier\",\"isPartOf\":{\"@id\":\"https:\\\/\\\/lassietteaujardin.fr\\\/#website\"},\"primaryImageOfPage\":{\"@id\":\"https:\\\/\\\/lassietteaujardin.fr\\\/menu-a-partir-du-1-octobre\\\/#primaryimage\"},\"image\":{\"@id\":\"https:\\\/\\\/lassietteaujardin.fr\\\/menu-a-partir-du-1-octobre\\\/#primaryimage\"},\"thumbnailUrl\":\"https:\\\/\\\/lassietteaujardin.fr\\\/wp-content\\\/uploads\\\/2019\\\/04\\\/cover-restaurant-assiette-au-jardin.jpg\",\"datePublished\":\"2020-10-01T08:09:00+00:00\",\"dateModified\":\"2020-10-05T08:14:31+00:00\",\"author\":{\"@id\":\"https:\\\/\\\/lassietteaujardin.fr\\\/#\\\/schema\\\/person\\\/46c9ad113fd7f7948e4c008c4d4c6e8a\"},\"breadcrumb\":{\"@id\":\"https:\\\/\\\/lassietteaujardin.fr\\\/menu-a-partir-du-1-octobre\\\/#breadcrumb\"},\"inLanguage\":\"fr-FR\",\"potentialAction\":[{\"@type\":\"ReadAction\",\"target\":[\"https:\\\/\\\/lassietteaujardin.fr\\\/menu-a-partir-du-1-octobre\\\/\"]}]},{\"@type\":\"ImageObject\",\"inLanguage\":\"fr-FR\",\"@id\":\"https:\\\/\\\/lassietteaujardin.fr\\\/menu-a-partir-du-1-octobre\\\/#primaryimage\",\"url\":\"https:\\\/\\\/lassietteaujardin.fr\\\/wp-content\\\/uploads\\\/2019\\\/04\\\/cover-restaurant-assiette-au-jardin.jpg\",\"contentUrl\":\"https:\\\/\\\/lassietteaujardin.fr\\\/wp-content\\\/uploads\\\/2019\\\/04\\\/cover-restaurant-assiette-au-jardin.jpg\",\"width\":1440,\"height\":469},{\"@type\":\"BreadcrumbList\",\"@id\":\"https:\\\/\\\/lassietteaujardin.fr\\\/menu-a-partir-du-1-octobre\\\/#breadcrumb\",\"itemListElement\":[{\"@type\":\"ListItem\",\"position\":1,\"name\":\"Accueil\",\"item\":\"https:\\\/\\\/lassietteaujardin.fr\\\/\"},{\"@type\":\"ListItem\",\"position\":2,\"name\":\"Menu \u00e0 partir du 1\u1d49\u02b3 Octobre !\"}]},{\"@type\":\"WebSite\",\"@id\":\"https:\\\/\\\/lassietteaujardin.fr\\\/#website\",\"url\":\"https:\\\/\\\/lassietteaujardin.fr\\\/\",\"name\":\"L&#039;assiette au jardin | Restaurant \u00e0 Noirmoutier\",\"description\":\"Restaurant sur l&#039;\u00eele de Noirmoutier\",\"potentialAction\":[{\"@type\":\"SearchAction\",\"target\":{\"@type\":\"EntryPoint\",\"urlTemplate\":\"https:\\\/\\\/lassietteaujardin.fr\\\/?s={search_term_string}\"},\"query-input\":{\"@type\":\"PropertyValueSpecification\",\"valueRequired\":true,\"valueName\":\"search_term_string\"}}],\"inLanguage\":\"fr-FR\"},{\"@type\":\"Person\",\"@id\":\"https:\\\/\\\/lassietteaujardin.fr\\\/#\\\/schema\\\/person\\\/46c9ad113fd7f7948e4c008c4d4c6e8a\",\"name\":\"admin-lassietteaujardin\",\"image\":{\"@type\":\"ImageObject\",\"inLanguage\":\"fr-FR\",\"@id\":\"https:\\\/\\\/secure.gravatar.com\\\/avatar\\\/b7e7818f3bc4056d29730c8b49b56e37487cafa62e85d34ee719e66093981a2f?s=96&d=mm&r=g\",\"url\":\"https:\\\/\\\/secure.gravatar.com\\\/avatar\\\/b7e7818f3bc4056d29730c8b49b56e37487cafa62e85d34ee719e66093981a2f?s=96&d=mm&r=g\",\"contentUrl\":\"https:\\\/\\\/secure.gravatar.com\\\/avatar\\\/b7e7818f3bc4056d29730c8b49b56e37487cafa62e85d34ee719e66093981a2f?s=96&d=mm&r=g\",\"caption\":\"admin-lassietteaujardin\"},\"url\":\"https:\\\/\\\/lassietteaujardin.fr\\\/author\\\/admin-lassietteaujardin\\\/\"}]}<\/script>\n<!-- \/ Yoast SEO plugin. -->","yoast_head_json":{"title":"Menu \u00e0 partir du 1\u1d49\u02b3 Octobre ! - L&#039;assiette au jardin | Restaurant \u00e0 Noirmoutier","robots":{"index":"index","follow":"follow","max-snippet":"max-snippet:-1","max-image-preview":"max-image-preview:large","max-video-preview":"max-video-preview:-1"},"canonical":"https:\/\/lassietteaujardin.fr\/menu-a-partir-du-1-octobre\/","og_locale":"fr_FR","og_type":"article","og_title":"Menu \u00e0 partir du 1\u1d49\u02b3 Octobre ! - L&#039;assiette au jardin | Restaurant \u00e0 Noirmoutier","og_description":"Un nouveau menu \u00e0 partir du 1\u1d49\u02b3 Octobre ! Menu 33 euros - entr\u00e9e, plat, dessertMenu 27 euros - entr\u00e9e, platMenu 30 euros - plat, dessertLe menu du petit gastronome (jusqu'\u00e0 10 ans - uniquement le midi) 15 euros : Poisson du jour, pommes grenailles, sauce citron, fondant au chocolat Entr\u00e9es Potage Brighton, velout\u00e9 de [&hellip;]","og_url":"https:\/\/lassietteaujardin.fr\/menu-a-partir-du-1-octobre\/","og_site_name":"L&#039;assiette au jardin | Restaurant \u00e0 Noirmoutier","article_published_time":"2020-10-01T08:09:00+00:00","article_modified_time":"2020-10-05T08:14:31+00:00","og_image":[{"width":1440,"height":469,"url":"https:\/\/lassietteaujardin.fr\/wp-content\/uploads\/2019\/04\/cover-restaurant-assiette-au-jardin.jpg","type":"image\/jpeg"}],"author":"admin-lassietteaujardin","twitter_card":"summary_large_image","twitter_misc":{"\u00c9crit par":"admin-lassietteaujardin","Dur\u00e9e de lecture estim\u00e9e":"1 minute"},"schema":{"@context":"https:\/\/schema.org","@graph":[{"@type":"Article","@id":"https:\/\/lassietteaujardin.fr\/menu-a-partir-du-1-octobre\/#article","isPartOf":{"@id":"https:\/\/lassietteaujardin.fr\/menu-a-partir-du-1-octobre\/"},"author":{"name":"admin-lassietteaujardin","@id":"https:\/\/lassietteaujardin.fr\/#\/schema\/person\/46c9ad113fd7f7948e4c008c4d4c6e8a"},"headline":"Menu \u00e0 partir du 1\u1d49\u02b3 Octobre !","datePublished":"2020-10-01T08:09:00+00:00","dateModified":"2020-10-05T08:14:31+00:00","mainEntityOfPage":{"@id":"https:\/\/lassietteaujardin.fr\/menu-a-partir-du-1-octobre\/"},"wordCount":262,"image":{"@id":"https:\/\/lassietteaujardin.fr\/menu-a-partir-du-1-octobre\/#primaryimage"},"thumbnailUrl":"https:\/\/lassietteaujardin.fr\/wp-content\/uploads\/2019\/04\/cover-restaurant-assiette-au-jardin.jpg","inLanguage":"fr-FR"},{"@type":"WebPage","@id":"https:\/\/lassietteaujardin.fr\/menu-a-partir-du-1-octobre\/","url":"https:\/\/lassietteaujardin.fr\/menu-a-partir-du-1-octobre\/","name":"Menu \u00e0 partir du 1\u1d49\u02b3 Octobre ! - L&#039;assiette au jardin | Restaurant \u00e0 Noirmoutier","isPartOf":{"@id":"https:\/\/lassietteaujardin.fr\/#website"},"primaryImageOfPage":{"@id":"https:\/\/lassietteaujardin.fr\/menu-a-partir-du-1-octobre\/#primaryimage"},"image":{"@id":"https:\/\/lassietteaujardin.fr\/menu-a-partir-du-1-octobre\/#primaryimage"},"thumbnailUrl":"https:\/\/lassietteaujardin.fr\/wp-content\/uploads\/2019\/04\/cover-restaurant-assiette-au-jardin.jpg","datePublished":"2020-10-01T08:09:00+00:00","dateModified":"2020-10-05T08:14:31+00:00","author":{"@id":"https:\/\/lassietteaujardin.fr\/#\/schema\/person\/46c9ad113fd7f7948e4c008c4d4c6e8a"},"breadcrumb":{"@id":"https:\/\/lassietteaujardin.fr\/menu-a-partir-du-1-octobre\/#breadcrumb"},"inLanguage":"fr-FR","potentialAction":[{"@type":"ReadAction","target":["https:\/\/lassietteaujardin.fr\/menu-a-partir-du-1-octobre\/"]}]},{"@type":"ImageObject","inLanguage":"fr-FR","@id":"https:\/\/lassietteaujardin.fr\/menu-a-partir-du-1-octobre\/#primaryimage","url":"https:\/\/lassietteaujardin.fr\/wp-content\/uploads\/2019\/04\/cover-restaurant-assiette-au-jardin.jpg","contentUrl":"https:\/\/lassietteaujardin.fr\/wp-content\/uploads\/2019\/04\/cover-restaurant-assiette-au-jardin.jpg","width":1440,"height":469},{"@type":"BreadcrumbList","@id":"https:\/\/lassietteaujardin.fr\/menu-a-partir-du-1-octobre\/#breadcrumb","itemListElement":[{"@type":"ListItem","position":1,"name":"Accueil","item":"https:\/\/lassietteaujardin.fr\/"},{"@type":"ListItem","position":2,"name":"Menu \u00e0 partir du 1\u1d49\u02b3 Octobre !"}]},{"@type":"WebSite","@id":"https:\/\/lassietteaujardin.fr\/#website","url":"https:\/\/lassietteaujardin.fr\/","name":"L&#039;assiette au jardin | Restaurant \u00e0 Noirmoutier","description":"Restaurant sur l&#039;\u00eele de Noirmoutier","potentialAction":[{"@type":"SearchAction","target":{"@type":"EntryPoint","urlTemplate":"https:\/\/lassietteaujardin.fr\/?s={search_term_string}"},"query-input":{"@type":"PropertyValueSpecification","valueRequired":true,"valueName":"search_term_string"}}],"inLanguage":"fr-FR"},{"@type":"Person","@id":"https:\/\/lassietteaujardin.fr\/#\/schema\/person\/46c9ad113fd7f7948e4c008c4d4c6e8a","name":"admin-lassietteaujardin","image":{"@type":"ImageObject","inLanguage":"fr-FR","@id":"https:\/\/secure.gravatar.com\/avatar\/b7e7818f3bc4056d29730c8b49b56e37487cafa62e85d34ee719e66093981a2f?s=96&d=mm&r=g","url":"https:\/\/secure.gravatar.com\/avatar\/b7e7818f3bc4056d29730c8b49b56e37487cafa62e85d34ee719e66093981a2f?s=96&d=mm&r=g","contentUrl":"https:\/\/secure.gravatar.com\/avatar\/b7e7818f3bc4056d29730c8b49b56e37487cafa62e85d34ee719e66093981a2f?s=96&d=mm&r=g","caption":"admin-lassietteaujardin"},"url":"https:\/\/lassietteaujardin.fr\/author\/admin-lassietteaujardin\/"}]}},"_links":{"self":[{"href":"https:\/\/lassietteaujardin.fr\/api\/wp\/v2\/posts\/749","targetHints":{"allow":["GET"]}}],"collection":[{"href":"https:\/\/lassietteaujardin.fr\/api\/wp\/v2\/posts"}],"about":[{"href":"https:\/\/lassietteaujardin.fr\/api\/wp\/v2\/types\/post"}],"author":[{"embeddable":true,"href":"https:\/\/lassietteaujardin.fr\/api\/wp\/v2\/users\/1"}],"replies":[{"embeddable":true,"href":"https:\/\/lassietteaujardin.fr\/api\/wp\/v2\/comments?post=749"}],"version-history":[{"count":6,"href":"https:\/\/lassietteaujardin.fr\/api\/wp\/v2\/posts\/749\/revisions"}],"predecessor-version":[{"id":757,"href":"https:\/\/lassietteaujardin.fr\/api\/wp\/v2\/posts\/749\/revisions\/757"}],"wp:featuredmedia":[{"embeddable":true,"href":"https:\/\/lassietteaujardin.fr\/api\/wp\/v2\/media\/252"}],"wp:attachment":[{"href":"https:\/\/lassietteaujardin.fr\/api\/wp\/v2\/media?parent=749"}],"wp:term":[{"taxonomy":"category","embeddable":true,"href":"https:\/\/lassietteaujardin.fr\/api\/wp\/v2\/categories?post=749"},{"taxonomy":"post_tag","embeddable":true,"href":"https:\/\/lassietteaujardin.fr\/api\/wp\/v2\/tags?post=749"}],"curies":[{"name":"wp","href":"https:\/\/api.w.org\/{rel}","templated":true}]}}