{"id":768,"date":"2020-12-14T16:09:58","date_gmt":"2020-12-14T15:09:58","guid":{"rendered":"https:\/\/lassietteaujardin.fr\/?p=768"},"modified":"2020-12-14T16:20:36","modified_gmt":"2020-12-14T15:20:36","slug":"pour-vos-repas-de-fetes-menus-a-emporter-du-20-decembre-au-1er-janvier","status":"publish","type":"post","link":"https:\/\/lassietteaujardin.fr\/pour-vos-repas-de-fetes-menus-a-emporter-du-20-decembre-au-1er-janvier\/","title":{"rendered":"Pour vos repas de F\u00eates,  menus \u00e0 emporter du 20 d\u00e9cembre au 1er janvier"},"content":{"rendered":"<p>[et_pb_section fb_built=\u00a0\u00bb1&Prime; _builder_version=\u00a0\u00bb3.22&Prime;][et_pb_row _builder_version=\u00a0\u00bb4.0.11&Prime; background_size=\u00a0\u00bbinitial\u00a0\u00bb background_position=\u00a0\u00bbtop_left\u00a0\u00bb background_repeat=\u00a0\u00bbrepeat\u00a0\u00bb][et_pb_column type=\u00a0\u00bb4_4&Prime; _builder_version=\u00a0\u00bb3.25&Prime; custom_padding=\u00a0\u00bb|||\u00a0\u00bb custom_padding__hover=\u00a0\u00bb|||\u00a0\u00bb][et_pb_text admin_label=\u00a0\u00bbArticle\u00a0\u00bb _builder_version=\u00a0\u00bb4.5.3&Prime; z_index_tablet=\u00a0\u00bb500&Prime;]<\/p>\n<h2>Voici les menus de f\u00eate \u00e0 emporter.<br \/>Nous sommes tellement heureux de pouvoir cuisiner pour vous.<\/h2>\n<h4 class=\"p1\"><span class=\"Apple-converted-space\"><br \/><\/span>Recettes de tradition \u00e0 commander et \u00e0 emporter du 20 d\u00e9cembre au 1<sup>er<\/sup> janvier.<\/h4>\n<p>Vous pouvez cliquer sur l&rsquo;image pour l&rsquo;agrandir<\/p>\n<p><a href=\"https:\/\/lassietteaujardin.fr\/storage\/2020\/12\/Flyer-lassiette-au-jardin-web.pdf\"><img loading=\"lazy\" decoding=\"async\" class=\"-771 alignnone size-full\" src=\"https:\/\/lassietteaujardin.fr\/storage\/2020\/12\/Flyer-lassiette-au-jardin.jpg\" alt=\"\" width=\"2300\" height=\"1626\" \/><\/a><\/p>\n<p>[\/et_pb_text][\/et_pb_column][\/et_pb_row][\/et_pb_section]<\/p>\n","protected":false},"excerpt":{"rendered":"<p>Voici les menus de f\u00eate \u00e0 emporter.Nous sommes tellement heureux de pouvoir cuisiner pour vous. Recettes de tradition \u00e0 commander et \u00e0 emporter du 20 d\u00e9cembre au 1er janvier. Vous pouvez cliquer sur l&rsquo;image pour l&rsquo;agrandir<\/p>\n","protected":false},"author":1,"featured_media":781,"comment_status":"closed","ping_status":"closed","sticky":false,"template":"","format":"standard","meta":{"_et_pb_use_builder":"on","_et_pb_old_content":"<!-- wp:paragraph -->\r\n<p>Lorem ipsum dolor sit amet, consectetur adipisicing elit, sed do eiusmod tempor incididunt ut labore et dolore magna aliqua. Ut enim ad minim veniam, quis nostrud exercitation ullamco laboris nisi ut aliquip ex ea commodo consequat. Duis aute irure dolor in reprehenderit in voluptate velit esse cillum dolore eu fugiat nulla pariatur. Excepteur sint occaecat cupidatat non proident, sunt in culpa qui officia deserunt mollit anim id est laborum.<\/p>\r\n<!-- \/wp:paragraph -->","_et_gb_content_width":"","footnotes":""},"categories":[1],"tags":[],"class_list":["post-768","post","type-post","status-publish","format-standard","has-post-thumbnail","hentry","category-non-classe"],"yoast_head":"<!-- This site is optimized with the Yoast SEO plugin v26.9 - https:\/\/yoast.com\/product\/yoast-seo-wordpress\/ -->\n<title>Pour vos repas de F\u00eates, menus \u00e0 emporter du 20 d\u00e9cembre au 1er janvier - L&#039;assiette au jardin | Restaurant \u00e0 Noirmoutier<\/title>\n<meta name=\"robots\" content=\"index, follow, max-snippet:-1, max-image-preview:large, max-video-preview:-1\" \/>\n<link rel=\"canonical\" href=\"https:\/\/lassietteaujardin.fr\/pour-vos-repas-de-fetes-menus-a-emporter-du-20-decembre-au-1er-janvier\/\" \/>\n<meta property=\"og:locale\" content=\"fr_FR\" \/>\n<meta property=\"og:type\" content=\"article\" \/>\n<meta property=\"og:title\" content=\"Pour vos repas de F\u00eates, menus \u00e0 emporter du 20 d\u00e9cembre au 1er janvier - L&#039;assiette au jardin | Restaurant \u00e0 Noirmoutier\" \/>\n<meta property=\"og:description\" content=\"Voici les menus de f\u00eate \u00e0 emporter.Nous sommes tellement heureux de pouvoir cuisiner pour vous. Recettes de tradition \u00e0 commander et \u00e0 emporter du 20 d\u00e9cembre au 1er janvier. Vous pouvez cliquer sur l&#039;image pour l&#039;agrandir\" \/>\n<meta property=\"og:url\" content=\"https:\/\/lassietteaujardin.fr\/pour-vos-repas-de-fetes-menus-a-emporter-du-20-decembre-au-1er-janvier\/\" \/>\n<meta property=\"og:site_name\" content=\"L&#039;assiette au jardin | Restaurant \u00e0 Noirmoutier\" \/>\n<meta property=\"article:published_time\" content=\"2020-12-14T15:09:58+00:00\" \/>\n<meta property=\"article:modified_time\" content=\"2020-12-14T15:20:36+00:00\" \/>\n<meta property=\"og:image\" content=\"https:\/\/lassietteaujardin.fr\/wp-content\/uploads\/2020\/12\/cover-restaurant-assiette-au-jardin.jpg\" \/>\n\t<meta property=\"og:image:width\" content=\"1080\" \/>\n\t<meta property=\"og:image:height\" content=\"653\" \/>\n\t<meta property=\"og:image:type\" content=\"image\/jpeg\" \/>\n<meta name=\"author\" content=\"admin-lassietteaujardin\" \/>\n<meta name=\"twitter:card\" content=\"summary_large_image\" \/>\n<meta name=\"twitter:label1\" content=\"\u00c9crit par\" \/>\n\t<meta name=\"twitter:data1\" content=\"admin-lassietteaujardin\" \/>\n<script type=\"application\/ld+json\" class=\"yoast-schema-graph\">{\"@context\":\"https:\/\/schema.org\",\"@graph\":[{\"@type\":\"Article\",\"@id\":\"https:\/\/lassietteaujardin.fr\/pour-vos-repas-de-fetes-menus-a-emporter-du-20-decembre-au-1er-janvier\/#article\",\"isPartOf\":{\"@id\":\"https:\/\/lassietteaujardin.fr\/pour-vos-repas-de-fetes-menus-a-emporter-du-20-decembre-au-1er-janvier\/\"},\"author\":{\"name\":\"admin-lassietteaujardin\",\"@id\":\"https:\/\/lassietteaujardin.fr\/#\/schema\/person\/46c9ad113fd7f7948e4c008c4d4c6e8a\"},\"headline\":\"Pour vos repas de F\u00eates, menus \u00e0 emporter du 20 d\u00e9cembre au 1er janvier\",\"datePublished\":\"2020-12-14T15:09:58+00:00\",\"dateModified\":\"2020-12-14T15:20:36+00:00\",\"mainEntityOfPage\":{\"@id\":\"https:\/\/lassietteaujardin.fr\/pour-vos-repas-de-fetes-menus-a-emporter-du-20-decembre-au-1er-janvier\/\"},\"wordCount\":107,\"image\":{\"@id\":\"https:\/\/lassietteaujardin.fr\/pour-vos-repas-de-fetes-menus-a-emporter-du-20-decembre-au-1er-janvier\/#primaryimage\"},\"thumbnailUrl\":\"https:\/\/lassietteaujardin.fr\/wp-content\/uploads\/2020\/12\/cover-restaurant-assiette-au-jardin.jpg\",\"inLanguage\":\"fr-FR\"},{\"@type\":\"WebPage\",\"@id\":\"https:\/\/lassietteaujardin.fr\/pour-vos-repas-de-fetes-menus-a-emporter-du-20-decembre-au-1er-janvier\/\",\"url\":\"https:\/\/lassietteaujardin.fr\/pour-vos-repas-de-fetes-menus-a-emporter-du-20-decembre-au-1er-janvier\/\",\"name\":\"Pour vos repas de F\u00eates, menus \u00e0 emporter du 20 d\u00e9cembre au 1er janvier - L&#039;assiette au jardin | Restaurant \u00e0 Noirmoutier\",\"isPartOf\":{\"@id\":\"https:\/\/lassietteaujardin.fr\/#website\"},\"primaryImageOfPage\":{\"@id\":\"https:\/\/lassietteaujardin.fr\/pour-vos-repas-de-fetes-menus-a-emporter-du-20-decembre-au-1er-janvier\/#primaryimage\"},\"image\":{\"@id\":\"https:\/\/lassietteaujardin.fr\/pour-vos-repas-de-fetes-menus-a-emporter-du-20-decembre-au-1er-janvier\/#primaryimage\"},\"thumbnailUrl\":\"https:\/\/lassietteaujardin.fr\/wp-content\/uploads\/2020\/12\/cover-restaurant-assiette-au-jardin.jpg\",\"datePublished\":\"2020-12-14T15:09:58+00:00\",\"dateModified\":\"2020-12-14T15:20:36+00:00\",\"author\":{\"@id\":\"https:\/\/lassietteaujardin.fr\/#\/schema\/person\/46c9ad113fd7f7948e4c008c4d4c6e8a\"},\"breadcrumb\":{\"@id\":\"https:\/\/lassietteaujardin.fr\/pour-vos-repas-de-fetes-menus-a-emporter-du-20-decembre-au-1er-janvier\/#breadcrumb\"},\"inLanguage\":\"fr-FR\",\"potentialAction\":[{\"@type\":\"ReadAction\",\"target\":[\"https:\/\/lassietteaujardin.fr\/pour-vos-repas-de-fetes-menus-a-emporter-du-20-decembre-au-1er-janvier\/\"]}]},{\"@type\":\"ImageObject\",\"inLanguage\":\"fr-FR\",\"@id\":\"https:\/\/lassietteaujardin.fr\/pour-vos-repas-de-fetes-menus-a-emporter-du-20-decembre-au-1er-janvier\/#primaryimage\",\"url\":\"https:\/\/lassietteaujardin.fr\/wp-content\/uploads\/2020\/12\/cover-restaurant-assiette-au-jardin.jpg\",\"contentUrl\":\"https:\/\/lassietteaujardin.fr\/wp-content\/uploads\/2020\/12\/cover-restaurant-assiette-au-jardin.jpg\",\"width\":1080,\"height\":653},{\"@type\":\"BreadcrumbList\",\"@id\":\"https:\/\/lassietteaujardin.fr\/pour-vos-repas-de-fetes-menus-a-emporter-du-20-decembre-au-1er-janvier\/#breadcrumb\",\"itemListElement\":[{\"@type\":\"ListItem\",\"position\":1,\"name\":\"Accueil\",\"item\":\"https:\/\/lassietteaujardin.fr\/\"},{\"@type\":\"ListItem\",\"position\":2,\"name\":\"Pour vos repas de F\u00eates, menus \u00e0 emporter du 20 d\u00e9cembre au 1er janvier\"}]},{\"@type\":\"WebSite\",\"@id\":\"https:\/\/lassietteaujardin.fr\/#website\",\"url\":\"https:\/\/lassietteaujardin.fr\/\",\"name\":\"L&#039;assiette au jardin | Restaurant \u00e0 Noirmoutier\",\"description\":\"Restaurant sur l&#039;\u00eele de Noirmoutier\",\"potentialAction\":[{\"@type\":\"SearchAction\",\"target\":{\"@type\":\"EntryPoint\",\"urlTemplate\":\"https:\/\/lassietteaujardin.fr\/?s={search_term_string}\"},\"query-input\":{\"@type\":\"PropertyValueSpecification\",\"valueRequired\":true,\"valueName\":\"search_term_string\"}}],\"inLanguage\":\"fr-FR\"},{\"@type\":\"Person\",\"@id\":\"https:\/\/lassietteaujardin.fr\/#\/schema\/person\/46c9ad113fd7f7948e4c008c4d4c6e8a\",\"name\":\"admin-lassietteaujardin\",\"image\":{\"@type\":\"ImageObject\",\"inLanguage\":\"fr-FR\",\"@id\":\"https:\/\/lassietteaujardin.fr\/#\/schema\/person\/image\/\",\"url\":\"https:\/\/secure.gravatar.com\/avatar\/b7e7818f3bc4056d29730c8b49b56e37487cafa62e85d34ee719e66093981a2f?s=96&d=mm&r=g\",\"contentUrl\":\"https:\/\/secure.gravatar.com\/avatar\/b7e7818f3bc4056d29730c8b49b56e37487cafa62e85d34ee719e66093981a2f?s=96&d=mm&r=g\",\"caption\":\"admin-lassietteaujardin\"},\"url\":\"https:\/\/lassietteaujardin.fr\/author\/admin-lassietteaujardin\/\"}]}<\/script>\n<!-- \/ Yoast SEO plugin. -->","yoast_head_json":{"title":"Pour vos repas de F\u00eates, menus \u00e0 emporter du 20 d\u00e9cembre au 1er janvier - L&#039;assiette au jardin | Restaurant \u00e0 Noirmoutier","robots":{"index":"index","follow":"follow","max-snippet":"max-snippet:-1","max-image-preview":"max-image-preview:large","max-video-preview":"max-video-preview:-1"},"canonical":"https:\/\/lassietteaujardin.fr\/pour-vos-repas-de-fetes-menus-a-emporter-du-20-decembre-au-1er-janvier\/","og_locale":"fr_FR","og_type":"article","og_title":"Pour vos repas de F\u00eates, menus \u00e0 emporter du 20 d\u00e9cembre au 1er janvier - L&#039;assiette au jardin | Restaurant \u00e0 Noirmoutier","og_description":"Voici les menus de f\u00eate \u00e0 emporter.Nous sommes tellement heureux de pouvoir cuisiner pour vous. Recettes de tradition \u00e0 commander et \u00e0 emporter du 20 d\u00e9cembre au 1er janvier. Vous pouvez cliquer sur l'image pour l'agrandir","og_url":"https:\/\/lassietteaujardin.fr\/pour-vos-repas-de-fetes-menus-a-emporter-du-20-decembre-au-1er-janvier\/","og_site_name":"L&#039;assiette au jardin | Restaurant \u00e0 Noirmoutier","article_published_time":"2020-12-14T15:09:58+00:00","article_modified_time":"2020-12-14T15:20:36+00:00","og_image":[{"width":1080,"height":653,"url":"https:\/\/lassietteaujardin.fr\/wp-content\/uploads\/2020\/12\/cover-restaurant-assiette-au-jardin.jpg","type":"image\/jpeg"}],"author":"admin-lassietteaujardin","twitter_card":"summary_large_image","twitter_misc":{"\u00c9crit par":"admin-lassietteaujardin"},"schema":{"@context":"https:\/\/schema.org","@graph":[{"@type":"Article","@id":"https:\/\/lassietteaujardin.fr\/pour-vos-repas-de-fetes-menus-a-emporter-du-20-decembre-au-1er-janvier\/#article","isPartOf":{"@id":"https:\/\/lassietteaujardin.fr\/pour-vos-repas-de-fetes-menus-a-emporter-du-20-decembre-au-1er-janvier\/"},"author":{"name":"admin-lassietteaujardin","@id":"https:\/\/lassietteaujardin.fr\/#\/schema\/person\/46c9ad113fd7f7948e4c008c4d4c6e8a"},"headline":"Pour vos repas de F\u00eates, menus \u00e0 emporter du 20 d\u00e9cembre au 1er janvier","datePublished":"2020-12-14T15:09:58+00:00","dateModified":"2020-12-14T15:20:36+00:00","mainEntityOfPage":{"@id":"https:\/\/lassietteaujardin.fr\/pour-vos-repas-de-fetes-menus-a-emporter-du-20-decembre-au-1er-janvier\/"},"wordCount":107,"image":{"@id":"https:\/\/lassietteaujardin.fr\/pour-vos-repas-de-fetes-menus-a-emporter-du-20-decembre-au-1er-janvier\/#primaryimage"},"thumbnailUrl":"https:\/\/lassietteaujardin.fr\/wp-content\/uploads\/2020\/12\/cover-restaurant-assiette-au-jardin.jpg","inLanguage":"fr-FR"},{"@type":"WebPage","@id":"https:\/\/lassietteaujardin.fr\/pour-vos-repas-de-fetes-menus-a-emporter-du-20-decembre-au-1er-janvier\/","url":"https:\/\/lassietteaujardin.fr\/pour-vos-repas-de-fetes-menus-a-emporter-du-20-decembre-au-1er-janvier\/","name":"Pour vos repas de F\u00eates, menus \u00e0 emporter du 20 d\u00e9cembre au 1er janvier - L&#039;assiette au jardin | Restaurant \u00e0 Noirmoutier","isPartOf":{"@id":"https:\/\/lassietteaujardin.fr\/#website"},"primaryImageOfPage":{"@id":"https:\/\/lassietteaujardin.fr\/pour-vos-repas-de-fetes-menus-a-emporter-du-20-decembre-au-1er-janvier\/#primaryimage"},"image":{"@id":"https:\/\/lassietteaujardin.fr\/pour-vos-repas-de-fetes-menus-a-emporter-du-20-decembre-au-1er-janvier\/#primaryimage"},"thumbnailUrl":"https:\/\/lassietteaujardin.fr\/wp-content\/uploads\/2020\/12\/cover-restaurant-assiette-au-jardin.jpg","datePublished":"2020-12-14T15:09:58+00:00","dateModified":"2020-12-14T15:20:36+00:00","author":{"@id":"https:\/\/lassietteaujardin.fr\/#\/schema\/person\/46c9ad113fd7f7948e4c008c4d4c6e8a"},"breadcrumb":{"@id":"https:\/\/lassietteaujardin.fr\/pour-vos-repas-de-fetes-menus-a-emporter-du-20-decembre-au-1er-janvier\/#breadcrumb"},"inLanguage":"fr-FR","potentialAction":[{"@type":"ReadAction","target":["https:\/\/lassietteaujardin.fr\/pour-vos-repas-de-fetes-menus-a-emporter-du-20-decembre-au-1er-janvier\/"]}]},{"@type":"ImageObject","inLanguage":"fr-FR","@id":"https:\/\/lassietteaujardin.fr\/pour-vos-repas-de-fetes-menus-a-emporter-du-20-decembre-au-1er-janvier\/#primaryimage","url":"https:\/\/lassietteaujardin.fr\/wp-content\/uploads\/2020\/12\/cover-restaurant-assiette-au-jardin.jpg","contentUrl":"https:\/\/lassietteaujardin.fr\/wp-content\/uploads\/2020\/12\/cover-restaurant-assiette-au-jardin.jpg","width":1080,"height":653},{"@type":"BreadcrumbList","@id":"https:\/\/lassietteaujardin.fr\/pour-vos-repas-de-fetes-menus-a-emporter-du-20-decembre-au-1er-janvier\/#breadcrumb","itemListElement":[{"@type":"ListItem","position":1,"name":"Accueil","item":"https:\/\/lassietteaujardin.fr\/"},{"@type":"ListItem","position":2,"name":"Pour vos repas de F\u00eates, menus \u00e0 emporter du 20 d\u00e9cembre au 1er janvier"}]},{"@type":"WebSite","@id":"https:\/\/lassietteaujardin.fr\/#website","url":"https:\/\/lassietteaujardin.fr\/","name":"L&#039;assiette au jardin | Restaurant \u00e0 Noirmoutier","description":"Restaurant sur l&#039;\u00eele de Noirmoutier","potentialAction":[{"@type":"SearchAction","target":{"@type":"EntryPoint","urlTemplate":"https:\/\/lassietteaujardin.fr\/?s={search_term_string}"},"query-input":{"@type":"PropertyValueSpecification","valueRequired":true,"valueName":"search_term_string"}}],"inLanguage":"fr-FR"},{"@type":"Person","@id":"https:\/\/lassietteaujardin.fr\/#\/schema\/person\/46c9ad113fd7f7948e4c008c4d4c6e8a","name":"admin-lassietteaujardin","image":{"@type":"ImageObject","inLanguage":"fr-FR","@id":"https:\/\/lassietteaujardin.fr\/#\/schema\/person\/image\/","url":"https:\/\/secure.gravatar.com\/avatar\/b7e7818f3bc4056d29730c8b49b56e37487cafa62e85d34ee719e66093981a2f?s=96&d=mm&r=g","contentUrl":"https:\/\/secure.gravatar.com\/avatar\/b7e7818f3bc4056d29730c8b49b56e37487cafa62e85d34ee719e66093981a2f?s=96&d=mm&r=g","caption":"admin-lassietteaujardin"},"url":"https:\/\/lassietteaujardin.fr\/author\/admin-lassietteaujardin\/"}]}},"_links":{"self":[{"href":"https:\/\/lassietteaujardin.fr\/api\/wp\/v2\/posts\/768","targetHints":{"allow":["GET"]}}],"collection":[{"href":"https:\/\/lassietteaujardin.fr\/api\/wp\/v2\/posts"}],"about":[{"href":"https:\/\/lassietteaujardin.fr\/api\/wp\/v2\/types\/post"}],"author":[{"embeddable":true,"href":"https:\/\/lassietteaujardin.fr\/api\/wp\/v2\/users\/1"}],"replies":[{"embeddable":true,"href":"https:\/\/lassietteaujardin.fr\/api\/wp\/v2\/comments?post=768"}],"version-history":[{"count":10,"href":"https:\/\/lassietteaujardin.fr\/api\/wp\/v2\/posts\/768\/revisions"}],"predecessor-version":[{"id":787,"href":"https:\/\/lassietteaujardin.fr\/api\/wp\/v2\/posts\/768\/revisions\/787"}],"wp:featuredmedia":[{"embeddable":true,"href":"https:\/\/lassietteaujardin.fr\/api\/wp\/v2\/media\/781"}],"wp:attachment":[{"href":"https:\/\/lassietteaujardin.fr\/api\/wp\/v2\/media?parent=768"}],"wp:term":[{"taxonomy":"category","embeddable":true,"href":"https:\/\/lassietteaujardin.fr\/api\/wp\/v2\/categories?post=768"},{"taxonomy":"post_tag","embeddable":true,"href":"https:\/\/lassietteaujardin.fr\/api\/wp\/v2\/tags?post=768"}],"curies":[{"name":"wp","href":"https:\/\/api.w.org\/{rel}","templated":true}]}}