{"id":828,"date":"2021-04-12T19:14:52","date_gmt":"2021-04-12T17:14:52","guid":{"rendered":"https:\/\/lassietteaujardin.fr\/?p=828"},"modified":"2021-04-19T16:32:46","modified_gmt":"2021-04-19T14:32:46","slug":"menu-a-emporter-du-16-au-18-avril","status":"publish","type":"post","link":"https:\/\/lassietteaujardin.fr\/menu-a-emporter-du-16-au-18-avril\/","title":{"rendered":"Menu \u00e0 emporter du 16 au 18 avril !"},"content":{"rendered":"<p>[et_pb_section fb_built=\u00a0\u00bb1&Prime; _builder_version=\u00a0\u00bb3.22&Prime;][et_pb_row _builder_version=\u00a0\u00bb4.0.11&Prime; background_size=\u00a0\u00bbinitial\u00a0\u00bb background_position=\u00a0\u00bbtop_left\u00a0\u00bb background_repeat=\u00a0\u00bbrepeat\u00a0\u00bb][et_pb_column type=\u00a0\u00bb4_4&Prime; _builder_version=\u00a0\u00bb3.25&Prime; custom_padding=\u00a0\u00bb|||\u00a0\u00bb custom_padding__hover=\u00a0\u00bb|||\u00a0\u00bb][et_pb_text admin_label=\u00a0\u00bbArticle\u00a0\u00bb _builder_version=\u00a0\u00bb4.9.3&Prime; hover_enabled=\u00a0\u00bb0&Prime; z_index_tablet=\u00a0\u00bb500&Prime; sticky_enabled=\u00a0\u00bb0&Prime;]<\/p>\n<h2>Menu \u00e0 emporter de 10h30 \u00e0 12h30 pour le vendredi 16, samedi 17 et dimanche 18 avril !<\/h2>\n<p>Menu\u00a0<strong>23 euros \u2013 par convive<\/strong><strong><br \/><\/strong><\/p>\n<h2>Entr\u00e9e<\/h2>\n<ul>\n<li>Asperges blanches du Pays nantais, mousseline maltaise.<\/li>\n<\/ul>\n<h2>Plat<\/h2>\n<ul>\n<li>La Chaudr\u00e9e de Noirmoutier aux 4 poissons, cro\u00fbtons et rouille, pommes vapeur.<\/li>\n<\/ul>\n<h2>Dessert<\/h2>\n<ul>\n<li>La tarte aux fraises de Noirmoutier et pistache.<\/li>\n<\/ul>\n<p>&nbsp;<\/p>\n<p>A commander au\u00a0<strong>06 09 78 67 57<\/strong>\u00a0ou sur\u00a0<a href=\"https:\/\/lassietteaujardin.fr\/contact\"><strong>contact@lassietteaujardin.fr<\/strong><\/a><\/p>\n<p><img loading=\"lazy\" decoding=\"async\" class=\"-831 alignnone size-full\" src=\"https:\/\/lassietteaujardin.fr\/storage\/2021\/04\/menu-emporte-assiete-au-jardin-12-avril-2.jpg\" alt=\"\" width=\"1080\" height=\"469\" \/><\/p>\n<p>[\/et_pb_text][\/et_pb_column][\/et_pb_row][\/et_pb_section]<\/p>\n","protected":false},"excerpt":{"rendered":"<p>Menu \u00e0 emporter de 10h30 \u00e0 12h30 pour le vendredi 16, samedi 17 et dimanche 18 avril ! Menu\u00a023 euros \u2013 par convive Entr\u00e9e Asperges blanches du Pays nantais, mousseline maltaise. Plat La Chaudr\u00e9e de Noirmoutier aux 4 poissons, cro\u00fbtons et rouille, pommes vapeur. Dessert La tarte aux fraises de Noirmoutier et pistache. &nbsp; A [&hellip;]<\/p>\n","protected":false},"author":1,"featured_media":830,"comment_status":"closed","ping_status":"closed","sticky":false,"template":"","format":"standard","meta":{"_et_pb_use_builder":"on","_et_pb_old_content":"<!-- wp:paragraph -->\r\n<p>Lorem ipsum dolor sit amet, consectetur adipisicing elit, sed do eiusmod tempor incididunt ut labore et dolore magna aliqua. Ut enim ad minim veniam, quis nostrud exercitation ullamco laboris nisi ut aliquip ex ea commodo consequat. Duis aute irure dolor in reprehenderit in voluptate velit esse cillum dolore eu fugiat nulla pariatur. Excepteur sint occaecat cupidatat non proident, sunt in culpa qui officia deserunt mollit anim id est laborum.<\/p>\r\n<!-- \/wp:paragraph -->","_et_gb_content_width":"","footnotes":""},"categories":[1],"tags":[],"class_list":["post-828","post","type-post","status-publish","format-standard","has-post-thumbnail","hentry","category-non-classe"],"yoast_head":"<!-- This site is optimized with the Yoast SEO plugin v26.9 - https:\/\/yoast.com\/product\/yoast-seo-wordpress\/ -->\n<title>Menu \u00e0 emporter du 16 au 18 avril ! - L&#039;assiette au jardin | Restaurant \u00e0 Noirmoutier<\/title>\n<meta name=\"robots\" content=\"index, follow, max-snippet:-1, max-image-preview:large, max-video-preview:-1\" \/>\n<link rel=\"canonical\" href=\"https:\/\/lassietteaujardin.fr\/menu-a-emporter-du-16-au-18-avril\/\" \/>\n<meta property=\"og:locale\" content=\"fr_FR\" \/>\n<meta property=\"og:type\" content=\"article\" \/>\n<meta property=\"og:title\" content=\"Menu \u00e0 emporter du 16 au 18 avril ! - L&#039;assiette au jardin | Restaurant \u00e0 Noirmoutier\" \/>\n<meta property=\"og:description\" content=\"Menu \u00e0 emporter de 10h30 \u00e0 12h30 pour le vendredi 16, samedi 17 et dimanche 18 avril ! Menu\u00a023 euros \u2013 par convive Entr\u00e9e Asperges blanches du Pays nantais, mousseline maltaise. Plat La Chaudr\u00e9e de Noirmoutier aux 4 poissons, cro\u00fbtons et rouille, pommes vapeur. Dessert La tarte aux fraises de Noirmoutier et pistache. &nbsp; A [&hellip;]\" \/>\n<meta property=\"og:url\" content=\"https:\/\/lassietteaujardin.fr\/menu-a-emporter-du-16-au-18-avril\/\" \/>\n<meta property=\"og:site_name\" content=\"L&#039;assiette au jardin | Restaurant \u00e0 Noirmoutier\" \/>\n<meta property=\"article:published_time\" content=\"2021-04-12T17:14:52+00:00\" \/>\n<meta property=\"article:modified_time\" content=\"2021-04-19T14:32:46+00:00\" \/>\n<meta property=\"og:image\" content=\"https:\/\/lassietteaujardin.fr\/wp-content\/uploads\/2021\/04\/menu-emporte-assiete-au-jardin-12-avril.jpg\" \/>\n\t<meta property=\"og:image:width\" content=\"1080\" \/>\n\t<meta property=\"og:image:height\" content=\"469\" \/>\n\t<meta property=\"og:image:type\" content=\"image\/jpeg\" \/>\n<meta name=\"author\" content=\"admin-lassietteaujardin\" \/>\n<meta name=\"twitter:card\" content=\"summary_large_image\" \/>\n<meta name=\"twitter:label1\" content=\"\u00c9crit par\" \/>\n\t<meta name=\"twitter:data1\" content=\"admin-lassietteaujardin\" \/>\n\t<meta name=\"twitter:label2\" content=\"Dur\u00e9e de lecture estim\u00e9e\" \/>\n\t<meta name=\"twitter:data2\" content=\"1 minute\" \/>\n<script type=\"application\/ld+json\" class=\"yoast-schema-graph\">{\"@context\":\"https:\/\/schema.org\",\"@graph\":[{\"@type\":\"Article\",\"@id\":\"https:\/\/lassietteaujardin.fr\/menu-a-emporter-du-16-au-18-avril\/#article\",\"isPartOf\":{\"@id\":\"https:\/\/lassietteaujardin.fr\/menu-a-emporter-du-16-au-18-avril\/\"},\"author\":{\"name\":\"admin-lassietteaujardin\",\"@id\":\"https:\/\/lassietteaujardin.fr\/#\/schema\/person\/46c9ad113fd7f7948e4c008c4d4c6e8a\"},\"headline\":\"Menu \u00e0 emporter du 16 au 18 avril !\",\"datePublished\":\"2021-04-12T17:14:52+00:00\",\"dateModified\":\"2021-04-19T14:32:46+00:00\",\"mainEntityOfPage\":{\"@id\":\"https:\/\/lassietteaujardin.fr\/menu-a-emporter-du-16-au-18-avril\/\"},\"wordCount\":122,\"image\":{\"@id\":\"https:\/\/lassietteaujardin.fr\/menu-a-emporter-du-16-au-18-avril\/#primaryimage\"},\"thumbnailUrl\":\"https:\/\/lassietteaujardin.fr\/wp-content\/uploads\/2021\/04\/menu-emporte-assiete-au-jardin-12-avril.jpg\",\"inLanguage\":\"fr-FR\"},{\"@type\":\"WebPage\",\"@id\":\"https:\/\/lassietteaujardin.fr\/menu-a-emporter-du-16-au-18-avril\/\",\"url\":\"https:\/\/lassietteaujardin.fr\/menu-a-emporter-du-16-au-18-avril\/\",\"name\":\"Menu \u00e0 emporter du 16 au 18 avril ! - L&#039;assiette au jardin | Restaurant \u00e0 Noirmoutier\",\"isPartOf\":{\"@id\":\"https:\/\/lassietteaujardin.fr\/#website\"},\"primaryImageOfPage\":{\"@id\":\"https:\/\/lassietteaujardin.fr\/menu-a-emporter-du-16-au-18-avril\/#primaryimage\"},\"image\":{\"@id\":\"https:\/\/lassietteaujardin.fr\/menu-a-emporter-du-16-au-18-avril\/#primaryimage\"},\"thumbnailUrl\":\"https:\/\/lassietteaujardin.fr\/wp-content\/uploads\/2021\/04\/menu-emporte-assiete-au-jardin-12-avril.jpg\",\"datePublished\":\"2021-04-12T17:14:52+00:00\",\"dateModified\":\"2021-04-19T14:32:46+00:00\",\"author\":{\"@id\":\"https:\/\/lassietteaujardin.fr\/#\/schema\/person\/46c9ad113fd7f7948e4c008c4d4c6e8a\"},\"breadcrumb\":{\"@id\":\"https:\/\/lassietteaujardin.fr\/menu-a-emporter-du-16-au-18-avril\/#breadcrumb\"},\"inLanguage\":\"fr-FR\",\"potentialAction\":[{\"@type\":\"ReadAction\",\"target\":[\"https:\/\/lassietteaujardin.fr\/menu-a-emporter-du-16-au-18-avril\/\"]}]},{\"@type\":\"ImageObject\",\"inLanguage\":\"fr-FR\",\"@id\":\"https:\/\/lassietteaujardin.fr\/menu-a-emporter-du-16-au-18-avril\/#primaryimage\",\"url\":\"https:\/\/lassietteaujardin.fr\/wp-content\/uploads\/2021\/04\/menu-emporte-assiete-au-jardin-12-avril.jpg\",\"contentUrl\":\"https:\/\/lassietteaujardin.fr\/wp-content\/uploads\/2021\/04\/menu-emporte-assiete-au-jardin-12-avril.jpg\",\"width\":1080,\"height\":469},{\"@type\":\"BreadcrumbList\",\"@id\":\"https:\/\/lassietteaujardin.fr\/menu-a-emporter-du-16-au-18-avril\/#breadcrumb\",\"itemListElement\":[{\"@type\":\"ListItem\",\"position\":1,\"name\":\"Accueil\",\"item\":\"https:\/\/lassietteaujardin.fr\/\"},{\"@type\":\"ListItem\",\"position\":2,\"name\":\"Menu \u00e0 emporter du 16 au 18 avril !\"}]},{\"@type\":\"WebSite\",\"@id\":\"https:\/\/lassietteaujardin.fr\/#website\",\"url\":\"https:\/\/lassietteaujardin.fr\/\",\"name\":\"L&#039;assiette au jardin | Restaurant \u00e0 Noirmoutier\",\"description\":\"Restaurant sur l&#039;\u00eele de Noirmoutier\",\"potentialAction\":[{\"@type\":\"SearchAction\",\"target\":{\"@type\":\"EntryPoint\",\"urlTemplate\":\"https:\/\/lassietteaujardin.fr\/?s={search_term_string}\"},\"query-input\":{\"@type\":\"PropertyValueSpecification\",\"valueRequired\":true,\"valueName\":\"search_term_string\"}}],\"inLanguage\":\"fr-FR\"},{\"@type\":\"Person\",\"@id\":\"https:\/\/lassietteaujardin.fr\/#\/schema\/person\/46c9ad113fd7f7948e4c008c4d4c6e8a\",\"name\":\"admin-lassietteaujardin\",\"image\":{\"@type\":\"ImageObject\",\"inLanguage\":\"fr-FR\",\"@id\":\"https:\/\/lassietteaujardin.fr\/#\/schema\/person\/image\/\",\"url\":\"https:\/\/secure.gravatar.com\/avatar\/b7e7818f3bc4056d29730c8b49b56e37487cafa62e85d34ee719e66093981a2f?s=96&d=mm&r=g\",\"contentUrl\":\"https:\/\/secure.gravatar.com\/avatar\/b7e7818f3bc4056d29730c8b49b56e37487cafa62e85d34ee719e66093981a2f?s=96&d=mm&r=g\",\"caption\":\"admin-lassietteaujardin\"},\"url\":\"https:\/\/lassietteaujardin.fr\/author\/admin-lassietteaujardin\/\"}]}<\/script>\n<!-- \/ Yoast SEO plugin. -->","yoast_head_json":{"title":"Menu \u00e0 emporter du 16 au 18 avril ! - L&#039;assiette au jardin | Restaurant \u00e0 Noirmoutier","robots":{"index":"index","follow":"follow","max-snippet":"max-snippet:-1","max-image-preview":"max-image-preview:large","max-video-preview":"max-video-preview:-1"},"canonical":"https:\/\/lassietteaujardin.fr\/menu-a-emporter-du-16-au-18-avril\/","og_locale":"fr_FR","og_type":"article","og_title":"Menu \u00e0 emporter du 16 au 18 avril ! - L&#039;assiette au jardin | Restaurant \u00e0 Noirmoutier","og_description":"Menu \u00e0 emporter de 10h30 \u00e0 12h30 pour le vendredi 16, samedi 17 et dimanche 18 avril ! Menu\u00a023 euros \u2013 par convive Entr\u00e9e Asperges blanches du Pays nantais, mousseline maltaise. Plat La Chaudr\u00e9e de Noirmoutier aux 4 poissons, cro\u00fbtons et rouille, pommes vapeur. Dessert La tarte aux fraises de Noirmoutier et pistache. &nbsp; A [&hellip;]","og_url":"https:\/\/lassietteaujardin.fr\/menu-a-emporter-du-16-au-18-avril\/","og_site_name":"L&#039;assiette au jardin | Restaurant \u00e0 Noirmoutier","article_published_time":"2021-04-12T17:14:52+00:00","article_modified_time":"2021-04-19T14:32:46+00:00","og_image":[{"width":1080,"height":469,"url":"https:\/\/lassietteaujardin.fr\/wp-content\/uploads\/2021\/04\/menu-emporte-assiete-au-jardin-12-avril.jpg","type":"image\/jpeg"}],"author":"admin-lassietteaujardin","twitter_card":"summary_large_image","twitter_misc":{"\u00c9crit par":"admin-lassietteaujardin","Dur\u00e9e de lecture estim\u00e9e":"1 minute"},"schema":{"@context":"https:\/\/schema.org","@graph":[{"@type":"Article","@id":"https:\/\/lassietteaujardin.fr\/menu-a-emporter-du-16-au-18-avril\/#article","isPartOf":{"@id":"https:\/\/lassietteaujardin.fr\/menu-a-emporter-du-16-au-18-avril\/"},"author":{"name":"admin-lassietteaujardin","@id":"https:\/\/lassietteaujardin.fr\/#\/schema\/person\/46c9ad113fd7f7948e4c008c4d4c6e8a"},"headline":"Menu \u00e0 emporter du 16 au 18 avril !","datePublished":"2021-04-12T17:14:52+00:00","dateModified":"2021-04-19T14:32:46+00:00","mainEntityOfPage":{"@id":"https:\/\/lassietteaujardin.fr\/menu-a-emporter-du-16-au-18-avril\/"},"wordCount":122,"image":{"@id":"https:\/\/lassietteaujardin.fr\/menu-a-emporter-du-16-au-18-avril\/#primaryimage"},"thumbnailUrl":"https:\/\/lassietteaujardin.fr\/wp-content\/uploads\/2021\/04\/menu-emporte-assiete-au-jardin-12-avril.jpg","inLanguage":"fr-FR"},{"@type":"WebPage","@id":"https:\/\/lassietteaujardin.fr\/menu-a-emporter-du-16-au-18-avril\/","url":"https:\/\/lassietteaujardin.fr\/menu-a-emporter-du-16-au-18-avril\/","name":"Menu \u00e0 emporter du 16 au 18 avril ! - L&#039;assiette au jardin | Restaurant \u00e0 Noirmoutier","isPartOf":{"@id":"https:\/\/lassietteaujardin.fr\/#website"},"primaryImageOfPage":{"@id":"https:\/\/lassietteaujardin.fr\/menu-a-emporter-du-16-au-18-avril\/#primaryimage"},"image":{"@id":"https:\/\/lassietteaujardin.fr\/menu-a-emporter-du-16-au-18-avril\/#primaryimage"},"thumbnailUrl":"https:\/\/lassietteaujardin.fr\/wp-content\/uploads\/2021\/04\/menu-emporte-assiete-au-jardin-12-avril.jpg","datePublished":"2021-04-12T17:14:52+00:00","dateModified":"2021-04-19T14:32:46+00:00","author":{"@id":"https:\/\/lassietteaujardin.fr\/#\/schema\/person\/46c9ad113fd7f7948e4c008c4d4c6e8a"},"breadcrumb":{"@id":"https:\/\/lassietteaujardin.fr\/menu-a-emporter-du-16-au-18-avril\/#breadcrumb"},"inLanguage":"fr-FR","potentialAction":[{"@type":"ReadAction","target":["https:\/\/lassietteaujardin.fr\/menu-a-emporter-du-16-au-18-avril\/"]}]},{"@type":"ImageObject","inLanguage":"fr-FR","@id":"https:\/\/lassietteaujardin.fr\/menu-a-emporter-du-16-au-18-avril\/#primaryimage","url":"https:\/\/lassietteaujardin.fr\/wp-content\/uploads\/2021\/04\/menu-emporte-assiete-au-jardin-12-avril.jpg","contentUrl":"https:\/\/lassietteaujardin.fr\/wp-content\/uploads\/2021\/04\/menu-emporte-assiete-au-jardin-12-avril.jpg","width":1080,"height":469},{"@type":"BreadcrumbList","@id":"https:\/\/lassietteaujardin.fr\/menu-a-emporter-du-16-au-18-avril\/#breadcrumb","itemListElement":[{"@type":"ListItem","position":1,"name":"Accueil","item":"https:\/\/lassietteaujardin.fr\/"},{"@type":"ListItem","position":2,"name":"Menu \u00e0 emporter du 16 au 18 avril !"}]},{"@type":"WebSite","@id":"https:\/\/lassietteaujardin.fr\/#website","url":"https:\/\/lassietteaujardin.fr\/","name":"L&#039;assiette au jardin | Restaurant \u00e0 Noirmoutier","description":"Restaurant sur l&#039;\u00eele de Noirmoutier","potentialAction":[{"@type":"SearchAction","target":{"@type":"EntryPoint","urlTemplate":"https:\/\/lassietteaujardin.fr\/?s={search_term_string}"},"query-input":{"@type":"PropertyValueSpecification","valueRequired":true,"valueName":"search_term_string"}}],"inLanguage":"fr-FR"},{"@type":"Person","@id":"https:\/\/lassietteaujardin.fr\/#\/schema\/person\/46c9ad113fd7f7948e4c008c4d4c6e8a","name":"admin-lassietteaujardin","image":{"@type":"ImageObject","inLanguage":"fr-FR","@id":"https:\/\/lassietteaujardin.fr\/#\/schema\/person\/image\/","url":"https:\/\/secure.gravatar.com\/avatar\/b7e7818f3bc4056d29730c8b49b56e37487cafa62e85d34ee719e66093981a2f?s=96&d=mm&r=g","contentUrl":"https:\/\/secure.gravatar.com\/avatar\/b7e7818f3bc4056d29730c8b49b56e37487cafa62e85d34ee719e66093981a2f?s=96&d=mm&r=g","caption":"admin-lassietteaujardin"},"url":"https:\/\/lassietteaujardin.fr\/author\/admin-lassietteaujardin\/"}]}},"_links":{"self":[{"href":"https:\/\/lassietteaujardin.fr\/api\/wp\/v2\/posts\/828","targetHints":{"allow":["GET"]}}],"collection":[{"href":"https:\/\/lassietteaujardin.fr\/api\/wp\/v2\/posts"}],"about":[{"href":"https:\/\/lassietteaujardin.fr\/api\/wp\/v2\/types\/post"}],"author":[{"embeddable":true,"href":"https:\/\/lassietteaujardin.fr\/api\/wp\/v2\/users\/1"}],"replies":[{"embeddable":true,"href":"https:\/\/lassietteaujardin.fr\/api\/wp\/v2\/comments?post=828"}],"version-history":[{"count":5,"href":"https:\/\/lassietteaujardin.fr\/api\/wp\/v2\/posts\/828\/revisions"}],"predecessor-version":[{"id":847,"href":"https:\/\/lassietteaujardin.fr\/api\/wp\/v2\/posts\/828\/revisions\/847"}],"wp:featuredmedia":[{"embeddable":true,"href":"https:\/\/lassietteaujardin.fr\/api\/wp\/v2\/media\/830"}],"wp:attachment":[{"href":"https:\/\/lassietteaujardin.fr\/api\/wp\/v2\/media?parent=828"}],"wp:term":[{"taxonomy":"category","embeddable":true,"href":"https:\/\/lassietteaujardin.fr\/api\/wp\/v2\/categories?post=828"},{"taxonomy":"post_tag","embeddable":true,"href":"https:\/\/lassietteaujardin.fr\/api\/wp\/v2\/tags?post=828"}],"curies":[{"name":"wp","href":"https:\/\/api.w.org\/{rel}","templated":true}]}}