{"id":871,"date":"2021-05-17T11:05:15","date_gmt":"2021-05-17T09:05:15","guid":{"rendered":"https:\/\/lassietteaujardin.fr\/?p=871"},"modified":"2021-05-17T12:01:44","modified_gmt":"2021-05-17T10:01:44","slug":"menu-du-19-mai-au-9-juin","status":"publish","type":"post","link":"https:\/\/lassietteaujardin.fr\/menu-du-19-mai-au-9-juin\/","title":{"rendered":"Menu du 19 mai au 9 juin !"},"content":{"rendered":"<p>[et_pb_section fb_built=\u00a0\u00bb1&Prime; _builder_version=\u00a0\u00bb3.22&Prime;][et_pb_row _builder_version=\u00a0\u00bb4.0.11&Prime; background_size=\u00a0\u00bbinitial\u00a0\u00bb background_position=\u00a0\u00bbtop_left\u00a0\u00bb background_repeat=\u00a0\u00bbrepeat\u00a0\u00bb][et_pb_column type=\u00a0\u00bb4_4&Prime; _builder_version=\u00a0\u00bb3.25&Prime; custom_padding=\u00a0\u00bb|||\u00a0\u00bb custom_padding__hover=\u00a0\u00bb|||\u00a0\u00bb][et_pb_text admin_label=\u00a0\u00bbArticle\u00a0\u00bb _builder_version=\u00a0\u00bb4.9.4&Prime; hover_enabled=\u00a0\u00bb0&Prime; z_index_tablet=\u00a0\u00bb500&Prime; sticky_enabled=\u00a0\u00bb0&Prime;]<\/p>\n<h1>Un nouveau menu du 19 mai au 9 juin !<\/h1>\n<p>Menu <strong>34 euros &#8211; entr\u00e9e, plat, dessert<br \/><\/strong>Menu<strong> 28 euros &#8211; entr\u00e9e, plat<br \/><\/strong>Menu<strong> 31 euros &#8211; plat, dessert<br \/><\/strong>Le menu du petit gastronome (jusqu&rsquo;\u00e0 10 ans &#8211; uniquement le midi)<strong> 15 euros : <\/strong>Poisson du jour, pommes grenailles, sauce citron, fondant au chocolat<strong><br \/><\/strong><\/p>\n<h2>\u00a0<\/h2>\n<h2>Entr\u00e9es<\/h2>\n<ul>\n<li>Hu\u00eetre Fujiyama.<\/li>\n<li>Ceviche de lotte aux fruits.<\/li>\n<li>Bao farci de canard \u00e0 l\u2019orange et \u00e9pices douces.<\/li>\n<\/ul>\n<h2>Plats<\/h2>\n<ul>\n<li>Filet de lieu jaune snack\u00e9, beurre de caf\u00e9, souffl\u00e9 de chou fleur\/gingembre.<\/li>\n<li>Cabillaud vapeur, l\u00e9gumes de Printemps, \u00e9mulsion de lait Ribot.<\/li>\n<li>Pomme de ris de veau po\u00eal\u00e9e, marini\u00e8re de palourdes , Yorkshire Pudding, asperges vertes r\u00f4ties (suppl\u00e9ment de 5 euros).<\/li>\n<\/ul>\n<h2>Desserts<\/h2>\n<ul>\n<li>Le Jama\u00efcan Baba Coffee.<\/li>\n<li>L\u2019exp\u00e9rience extr\u00eame absolument chocolat.<\/li>\n<li>Glace de petits pois et salade de fraises de Vend\u00e9e menthol\u00e9es.<\/li>\n<\/ul>\n<h2>Menu V\u00e9g\u00e9tarien (34 euros)<\/h2>\n<ul>\n<li class=\"p1\"><span class=\"s1\">Tartare v\u00e9g\u00e9tal sauce canaille.<\/span><\/li>\n<li class=\"p1\"><span class=\"s1\">Arancini farcis de vert.<\/span><\/li>\n<li class=\"p1\"><span class=\"s1\">Dessert \u00e0 choisir dans le menu g\u00e9n\u00e9raliste.<\/span><\/li>\n<\/ul>\n<p>[\/et_pb_text][\/et_pb_column][\/et_pb_row][\/et_pb_section]<\/p>\n","protected":false},"excerpt":{"rendered":"<p>Un nouveau menu du 19 mai au 9 juin ! Menu 34 euros &#8211; entr\u00e9e, plat, dessertMenu 28 euros &#8211; entr\u00e9e, platMenu 31 euros &#8211; plat, dessertLe menu du petit gastronome (jusqu&rsquo;\u00e0 10 ans &#8211; uniquement le midi) 15 euros : Poisson du jour, pommes grenailles, sauce citron, fondant au chocolat \u00a0 Entr\u00e9es Hu\u00eetre Fujiyama. [&hellip;]<\/p>\n","protected":false},"author":1,"featured_media":252,"comment_status":"closed","ping_status":"closed","sticky":false,"template":"","format":"standard","meta":{"_et_pb_use_builder":"on","_et_pb_old_content":"<!-- wp:paragraph -->\r\n<p>Lorem ipsum dolor sit amet, consectetur adipisicing elit, sed do eiusmod tempor incididunt ut labore et dolore magna aliqua. Ut enim ad minim veniam, quis nostrud exercitation ullamco laboris nisi ut aliquip ex ea commodo consequat. Duis aute irure dolor in reprehenderit in voluptate velit esse cillum dolore eu fugiat nulla pariatur. Excepteur sint occaecat cupidatat non proident, sunt in culpa qui officia deserunt mollit anim id est laborum.<\/p>\r\n<!-- \/wp:paragraph -->","_et_gb_content_width":"","footnotes":""},"categories":[1],"tags":[],"class_list":["post-871","post","type-post","status-publish","format-standard","has-post-thumbnail","hentry","category-non-classe"],"yoast_head":"<!-- This site is optimized with the Yoast SEO plugin v26.9 - https:\/\/yoast.com\/product\/yoast-seo-wordpress\/ -->\n<title>Menu du 19 mai au 9 juin ! - L&#039;assiette au jardin | Restaurant \u00e0 Noirmoutier<\/title>\n<meta name=\"robots\" content=\"index, follow, max-snippet:-1, max-image-preview:large, max-video-preview:-1\" \/>\n<link rel=\"canonical\" href=\"https:\/\/lassietteaujardin.fr\/menu-du-19-mai-au-9-juin\/\" \/>\n<meta property=\"og:locale\" content=\"fr_FR\" \/>\n<meta property=\"og:type\" content=\"article\" \/>\n<meta property=\"og:title\" content=\"Menu du 19 mai au 9 juin ! - L&#039;assiette au jardin | Restaurant \u00e0 Noirmoutier\" \/>\n<meta property=\"og:description\" content=\"Un nouveau menu du 19 mai au 9 juin ! Menu 34 euros - entr\u00e9e, plat, dessertMenu 28 euros - entr\u00e9e, platMenu 31 euros - plat, dessertLe menu du petit gastronome (jusqu&#039;\u00e0 10 ans - uniquement le midi) 15 euros : Poisson du jour, pommes grenailles, sauce citron, fondant au chocolat \u00a0 Entr\u00e9es Hu\u00eetre Fujiyama. [&hellip;]\" \/>\n<meta property=\"og:url\" content=\"https:\/\/lassietteaujardin.fr\/menu-du-19-mai-au-9-juin\/\" \/>\n<meta property=\"og:site_name\" content=\"L&#039;assiette au jardin | Restaurant \u00e0 Noirmoutier\" \/>\n<meta property=\"article:published_time\" content=\"2021-05-17T09:05:15+00:00\" \/>\n<meta property=\"article:modified_time\" content=\"2021-05-17T10:01:44+00:00\" \/>\n<meta property=\"og:image\" content=\"https:\/\/lassietteaujardin.fr\/wp-content\/uploads\/2019\/04\/cover-restaurant-assiette-au-jardin.jpg\" \/>\n\t<meta property=\"og:image:width\" content=\"1440\" \/>\n\t<meta property=\"og:image:height\" content=\"469\" \/>\n\t<meta property=\"og:image:type\" content=\"image\/jpeg\" \/>\n<meta name=\"author\" content=\"admin-lassietteaujardin\" \/>\n<meta name=\"twitter:card\" content=\"summary_large_image\" \/>\n<meta name=\"twitter:label1\" content=\"\u00c9crit par\" \/>\n\t<meta name=\"twitter:data1\" content=\"admin-lassietteaujardin\" \/>\n\t<meta name=\"twitter:label2\" content=\"Dur\u00e9e de lecture estim\u00e9e\" \/>\n\t<meta name=\"twitter:data2\" content=\"1 minute\" \/>\n<script type=\"application\/ld+json\" class=\"yoast-schema-graph\">{\"@context\":\"https:\/\/schema.org\",\"@graph\":[{\"@type\":\"Article\",\"@id\":\"https:\/\/lassietteaujardin.fr\/menu-du-19-mai-au-9-juin\/#article\",\"isPartOf\":{\"@id\":\"https:\/\/lassietteaujardin.fr\/menu-du-19-mai-au-9-juin\/\"},\"author\":{\"name\":\"admin-lassietteaujardin\",\"@id\":\"https:\/\/lassietteaujardin.fr\/#\/schema\/person\/46c9ad113fd7f7948e4c008c4d4c6e8a\"},\"headline\":\"Menu du 19 mai au 9 juin !\",\"datePublished\":\"2021-05-17T09:05:15+00:00\",\"dateModified\":\"2021-05-17T10:01:44+00:00\",\"mainEntityOfPage\":{\"@id\":\"https:\/\/lassietteaujardin.fr\/menu-du-19-mai-au-9-juin\/\"},\"wordCount\":226,\"image\":{\"@id\":\"https:\/\/lassietteaujardin.fr\/menu-du-19-mai-au-9-juin\/#primaryimage\"},\"thumbnailUrl\":\"https:\/\/lassietteaujardin.fr\/wp-content\/uploads\/2019\/04\/cover-restaurant-assiette-au-jardin.jpg\",\"inLanguage\":\"fr-FR\"},{\"@type\":\"WebPage\",\"@id\":\"https:\/\/lassietteaujardin.fr\/menu-du-19-mai-au-9-juin\/\",\"url\":\"https:\/\/lassietteaujardin.fr\/menu-du-19-mai-au-9-juin\/\",\"name\":\"Menu du 19 mai au 9 juin ! - L&#039;assiette au jardin | Restaurant \u00e0 Noirmoutier\",\"isPartOf\":{\"@id\":\"https:\/\/lassietteaujardin.fr\/#website\"},\"primaryImageOfPage\":{\"@id\":\"https:\/\/lassietteaujardin.fr\/menu-du-19-mai-au-9-juin\/#primaryimage\"},\"image\":{\"@id\":\"https:\/\/lassietteaujardin.fr\/menu-du-19-mai-au-9-juin\/#primaryimage\"},\"thumbnailUrl\":\"https:\/\/lassietteaujardin.fr\/wp-content\/uploads\/2019\/04\/cover-restaurant-assiette-au-jardin.jpg\",\"datePublished\":\"2021-05-17T09:05:15+00:00\",\"dateModified\":\"2021-05-17T10:01:44+00:00\",\"author\":{\"@id\":\"https:\/\/lassietteaujardin.fr\/#\/schema\/person\/46c9ad113fd7f7948e4c008c4d4c6e8a\"},\"breadcrumb\":{\"@id\":\"https:\/\/lassietteaujardin.fr\/menu-du-19-mai-au-9-juin\/#breadcrumb\"},\"inLanguage\":\"fr-FR\",\"potentialAction\":[{\"@type\":\"ReadAction\",\"target\":[\"https:\/\/lassietteaujardin.fr\/menu-du-19-mai-au-9-juin\/\"]}]},{\"@type\":\"ImageObject\",\"inLanguage\":\"fr-FR\",\"@id\":\"https:\/\/lassietteaujardin.fr\/menu-du-19-mai-au-9-juin\/#primaryimage\",\"url\":\"https:\/\/lassietteaujardin.fr\/wp-content\/uploads\/2019\/04\/cover-restaurant-assiette-au-jardin.jpg\",\"contentUrl\":\"https:\/\/lassietteaujardin.fr\/wp-content\/uploads\/2019\/04\/cover-restaurant-assiette-au-jardin.jpg\",\"width\":1440,\"height\":469},{\"@type\":\"BreadcrumbList\",\"@id\":\"https:\/\/lassietteaujardin.fr\/menu-du-19-mai-au-9-juin\/#breadcrumb\",\"itemListElement\":[{\"@type\":\"ListItem\",\"position\":1,\"name\":\"Accueil\",\"item\":\"https:\/\/lassietteaujardin.fr\/\"},{\"@type\":\"ListItem\",\"position\":2,\"name\":\"Menu du 19 mai au 9 juin !\"}]},{\"@type\":\"WebSite\",\"@id\":\"https:\/\/lassietteaujardin.fr\/#website\",\"url\":\"https:\/\/lassietteaujardin.fr\/\",\"name\":\"L&#039;assiette au jardin | Restaurant \u00e0 Noirmoutier\",\"description\":\"Restaurant sur l&#039;\u00eele de Noirmoutier\",\"potentialAction\":[{\"@type\":\"SearchAction\",\"target\":{\"@type\":\"EntryPoint\",\"urlTemplate\":\"https:\/\/lassietteaujardin.fr\/?s={search_term_string}\"},\"query-input\":{\"@type\":\"PropertyValueSpecification\",\"valueRequired\":true,\"valueName\":\"search_term_string\"}}],\"inLanguage\":\"fr-FR\"},{\"@type\":\"Person\",\"@id\":\"https:\/\/lassietteaujardin.fr\/#\/schema\/person\/46c9ad113fd7f7948e4c008c4d4c6e8a\",\"name\":\"admin-lassietteaujardin\",\"image\":{\"@type\":\"ImageObject\",\"inLanguage\":\"fr-FR\",\"@id\":\"https:\/\/lassietteaujardin.fr\/#\/schema\/person\/image\/\",\"url\":\"https:\/\/secure.gravatar.com\/avatar\/b7e7818f3bc4056d29730c8b49b56e37487cafa62e85d34ee719e66093981a2f?s=96&d=mm&r=g\",\"contentUrl\":\"https:\/\/secure.gravatar.com\/avatar\/b7e7818f3bc4056d29730c8b49b56e37487cafa62e85d34ee719e66093981a2f?s=96&d=mm&r=g\",\"caption\":\"admin-lassietteaujardin\"},\"url\":\"https:\/\/lassietteaujardin.fr\/author\/admin-lassietteaujardin\/\"}]}<\/script>\n<!-- \/ Yoast SEO plugin. -->","yoast_head_json":{"title":"Menu du 19 mai au 9 juin ! - L&#039;assiette au jardin | Restaurant \u00e0 Noirmoutier","robots":{"index":"index","follow":"follow","max-snippet":"max-snippet:-1","max-image-preview":"max-image-preview:large","max-video-preview":"max-video-preview:-1"},"canonical":"https:\/\/lassietteaujardin.fr\/menu-du-19-mai-au-9-juin\/","og_locale":"fr_FR","og_type":"article","og_title":"Menu du 19 mai au 9 juin ! - L&#039;assiette au jardin | Restaurant \u00e0 Noirmoutier","og_description":"Un nouveau menu du 19 mai au 9 juin ! Menu 34 euros - entr\u00e9e, plat, dessertMenu 28 euros - entr\u00e9e, platMenu 31 euros - plat, dessertLe menu du petit gastronome (jusqu'\u00e0 10 ans - uniquement le midi) 15 euros : Poisson du jour, pommes grenailles, sauce citron, fondant au chocolat \u00a0 Entr\u00e9es Hu\u00eetre Fujiyama. [&hellip;]","og_url":"https:\/\/lassietteaujardin.fr\/menu-du-19-mai-au-9-juin\/","og_site_name":"L&#039;assiette au jardin | Restaurant \u00e0 Noirmoutier","article_published_time":"2021-05-17T09:05:15+00:00","article_modified_time":"2021-05-17T10:01:44+00:00","og_image":[{"width":1440,"height":469,"url":"https:\/\/lassietteaujardin.fr\/wp-content\/uploads\/2019\/04\/cover-restaurant-assiette-au-jardin.jpg","type":"image\/jpeg"}],"author":"admin-lassietteaujardin","twitter_card":"summary_large_image","twitter_misc":{"\u00c9crit par":"admin-lassietteaujardin","Dur\u00e9e de lecture estim\u00e9e":"1 minute"},"schema":{"@context":"https:\/\/schema.org","@graph":[{"@type":"Article","@id":"https:\/\/lassietteaujardin.fr\/menu-du-19-mai-au-9-juin\/#article","isPartOf":{"@id":"https:\/\/lassietteaujardin.fr\/menu-du-19-mai-au-9-juin\/"},"author":{"name":"admin-lassietteaujardin","@id":"https:\/\/lassietteaujardin.fr\/#\/schema\/person\/46c9ad113fd7f7948e4c008c4d4c6e8a"},"headline":"Menu du 19 mai au 9 juin !","datePublished":"2021-05-17T09:05:15+00:00","dateModified":"2021-05-17T10:01:44+00:00","mainEntityOfPage":{"@id":"https:\/\/lassietteaujardin.fr\/menu-du-19-mai-au-9-juin\/"},"wordCount":226,"image":{"@id":"https:\/\/lassietteaujardin.fr\/menu-du-19-mai-au-9-juin\/#primaryimage"},"thumbnailUrl":"https:\/\/lassietteaujardin.fr\/wp-content\/uploads\/2019\/04\/cover-restaurant-assiette-au-jardin.jpg","inLanguage":"fr-FR"},{"@type":"WebPage","@id":"https:\/\/lassietteaujardin.fr\/menu-du-19-mai-au-9-juin\/","url":"https:\/\/lassietteaujardin.fr\/menu-du-19-mai-au-9-juin\/","name":"Menu du 19 mai au 9 juin ! - L&#039;assiette au jardin | Restaurant \u00e0 Noirmoutier","isPartOf":{"@id":"https:\/\/lassietteaujardin.fr\/#website"},"primaryImageOfPage":{"@id":"https:\/\/lassietteaujardin.fr\/menu-du-19-mai-au-9-juin\/#primaryimage"},"image":{"@id":"https:\/\/lassietteaujardin.fr\/menu-du-19-mai-au-9-juin\/#primaryimage"},"thumbnailUrl":"https:\/\/lassietteaujardin.fr\/wp-content\/uploads\/2019\/04\/cover-restaurant-assiette-au-jardin.jpg","datePublished":"2021-05-17T09:05:15+00:00","dateModified":"2021-05-17T10:01:44+00:00","author":{"@id":"https:\/\/lassietteaujardin.fr\/#\/schema\/person\/46c9ad113fd7f7948e4c008c4d4c6e8a"},"breadcrumb":{"@id":"https:\/\/lassietteaujardin.fr\/menu-du-19-mai-au-9-juin\/#breadcrumb"},"inLanguage":"fr-FR","potentialAction":[{"@type":"ReadAction","target":["https:\/\/lassietteaujardin.fr\/menu-du-19-mai-au-9-juin\/"]}]},{"@type":"ImageObject","inLanguage":"fr-FR","@id":"https:\/\/lassietteaujardin.fr\/menu-du-19-mai-au-9-juin\/#primaryimage","url":"https:\/\/lassietteaujardin.fr\/wp-content\/uploads\/2019\/04\/cover-restaurant-assiette-au-jardin.jpg","contentUrl":"https:\/\/lassietteaujardin.fr\/wp-content\/uploads\/2019\/04\/cover-restaurant-assiette-au-jardin.jpg","width":1440,"height":469},{"@type":"BreadcrumbList","@id":"https:\/\/lassietteaujardin.fr\/menu-du-19-mai-au-9-juin\/#breadcrumb","itemListElement":[{"@type":"ListItem","position":1,"name":"Accueil","item":"https:\/\/lassietteaujardin.fr\/"},{"@type":"ListItem","position":2,"name":"Menu du 19 mai au 9 juin !"}]},{"@type":"WebSite","@id":"https:\/\/lassietteaujardin.fr\/#website","url":"https:\/\/lassietteaujardin.fr\/","name":"L&#039;assiette au jardin | Restaurant \u00e0 Noirmoutier","description":"Restaurant sur l&#039;\u00eele de Noirmoutier","potentialAction":[{"@type":"SearchAction","target":{"@type":"EntryPoint","urlTemplate":"https:\/\/lassietteaujardin.fr\/?s={search_term_string}"},"query-input":{"@type":"PropertyValueSpecification","valueRequired":true,"valueName":"search_term_string"}}],"inLanguage":"fr-FR"},{"@type":"Person","@id":"https:\/\/lassietteaujardin.fr\/#\/schema\/person\/46c9ad113fd7f7948e4c008c4d4c6e8a","name":"admin-lassietteaujardin","image":{"@type":"ImageObject","inLanguage":"fr-FR","@id":"https:\/\/lassietteaujardin.fr\/#\/schema\/person\/image\/","url":"https:\/\/secure.gravatar.com\/avatar\/b7e7818f3bc4056d29730c8b49b56e37487cafa62e85d34ee719e66093981a2f?s=96&d=mm&r=g","contentUrl":"https:\/\/secure.gravatar.com\/avatar\/b7e7818f3bc4056d29730c8b49b56e37487cafa62e85d34ee719e66093981a2f?s=96&d=mm&r=g","caption":"admin-lassietteaujardin"},"url":"https:\/\/lassietteaujardin.fr\/author\/admin-lassietteaujardin\/"}]}},"_links":{"self":[{"href":"https:\/\/lassietteaujardin.fr\/api\/wp\/v2\/posts\/871","targetHints":{"allow":["GET"]}}],"collection":[{"href":"https:\/\/lassietteaujardin.fr\/api\/wp\/v2\/posts"}],"about":[{"href":"https:\/\/lassietteaujardin.fr\/api\/wp\/v2\/types\/post"}],"author":[{"embeddable":true,"href":"https:\/\/lassietteaujardin.fr\/api\/wp\/v2\/users\/1"}],"replies":[{"embeddable":true,"href":"https:\/\/lassietteaujardin.fr\/api\/wp\/v2\/comments?post=871"}],"version-history":[{"count":9,"href":"https:\/\/lassietteaujardin.fr\/api\/wp\/v2\/posts\/871\/revisions"}],"predecessor-version":[{"id":887,"href":"https:\/\/lassietteaujardin.fr\/api\/wp\/v2\/posts\/871\/revisions\/887"}],"wp:featuredmedia":[{"embeddable":true,"href":"https:\/\/lassietteaujardin.fr\/api\/wp\/v2\/media\/252"}],"wp:attachment":[{"href":"https:\/\/lassietteaujardin.fr\/api\/wp\/v2\/media?parent=871"}],"wp:term":[{"taxonomy":"category","embeddable":true,"href":"https:\/\/lassietteaujardin.fr\/api\/wp\/v2\/categories?post=871"},{"taxonomy":"post_tag","embeddable":true,"href":"https:\/\/lassietteaujardin.fr\/api\/wp\/v2\/tags?post=871"}],"curies":[{"name":"wp","href":"https:\/\/api.w.org\/{rel}","templated":true}]}}